{"id":1135,"date":"2023-11-22T10:26:00","date_gmt":"2023-11-22T09:26:00","guid":{"rendered":"https:\/\/www.groupeidec.com\/emplois-carriere\/?p=1135"},"modified":"2025-04-25T15:05:22","modified_gmt":"2025-04-25T13:05:22","slug":"diversite-handicap-groupe-idec-activateur-progres","status":"publish","type":"post","link":"https:\/\/www.groupeidec.com\/emplois-carriere\/diversite-handicap-groupe-idec-activateur-progres\/","title":{"rendered":"Diversit\u00e9 et handicap : le GROUPE IDEC est activateur de progr\u00e8s"},"content":{"rendered":"[vc_row type=\u00a0\u00bbin_container\u00a0\u00bb full_screen_row_position=\u00a0\u00bbmiddle\u00a0\u00bb column_margin=\u00a0\u00bbdefault\u00a0\u00bb column_direction=\u00a0\u00bbdefault\u00a0\u00bb column_direction_tablet=\u00a0\u00bbdefault\u00a0\u00bb column_direction_phone=\u00a0\u00bbdefault\u00a0\u00bb scene_position=\u00a0\u00bbcenter\u00a0\u00bb text_color=\u00a0\u00bbdark\u00a0\u00bb text_align=\u00a0\u00bbleft\u00a0\u00bb row_border_radius=\u00a0\u00bbnone\u00a0\u00bb row_border_radius_applies=\u00a0\u00bbbg\u00a0\u00bb overflow=\u00a0\u00bbvisible\u00a0\u00bb overlay_strength=\u00a0\u00bb0.3&Prime; gradient_direction=\u00a0\u00bbleft_to_right\u00a0\u00bb shape_divider_position=\u00a0\u00bbbottom\u00a0\u00bb bg_image_animation=\u00a0\u00bbnone\u00a0\u00bb][vc_column column_padding=\u00a0\u00bbno-extra-padding\u00a0\u00bb column_padding_tablet=\u00a0\u00bbinherit\u00a0\u00bb column_padding_phone=\u00a0\u00bbinherit\u00a0\u00bb column_padding_position=\u00a0\u00bball\u00a0\u00bb column_element_direction_desktop=\u00a0\u00bbdefault\u00a0\u00bb column_element_spacing=\u00a0\u00bbdefault\u00a0\u00bb desktop_text_alignment=\u00a0\u00bbdefault\u00a0\u00bb tablet_text_alignment=\u00a0\u00bbdefault\u00a0\u00bb phone_text_alignment=\u00a0\u00bbdefault\u00a0\u00bb background_color_opacity=\u00a0\u00bb1&Prime; background_hover_color_opacity=\u00a0\u00bb1&Prime; column_backdrop_filter=\u00a0\u00bbnone\u00a0\u00bb column_shadow=\u00a0\u00bbnone\u00a0\u00bb column_border_radius=\u00a0\u00bbnone\u00a0\u00bb column_link_target=\u00a0\u00bb_self\u00a0\u00bb column_position=\u00a0\u00bbdefault\u00a0\u00bb gradient_direction=\u00a0\u00bbleft_to_right\u00a0\u00bb overlay_strength=\u00a0\u00bb0.3&Prime; width=\u00a0\u00bb1\/1&Prime; tablet_width_inherit=\u00a0\u00bbdefault\u00a0\u00bb animation_type=\u00a0\u00bbdefault\u00a0\u00bb bg_image_animation=\u00a0\u00bbnone\u00a0\u00bb border_type=\u00a0\u00bbsimple\u00a0\u00bb column_border_width=\u00a0\u00bbnone\u00a0\u00bb column_border_style=\u00a0\u00bbsolid\u00a0\u00bb][vc_column_text css=\u00a0\u00bb\u00a0\u00bb text_direction=\u00a0\u00bbdefault\u00a0\u00bb]\r\n<h2>Nous sommes activateurs de progr\u00e8s au sein d\u2019une communaut\u00e9 de plus 15000 entreprises en France qui \u0153uvrent en faveur de l\u2019insertion des personnes en situation de handicap dans le monde du travail.<\/h2>\r\n<p>&nbsp;<\/p>\r\n<h3><strong>Une communaut\u00e9 engag\u00e9e pour l\u2019insertion professionnelle<\/strong><\/h3>\r\n<p>Depuis 1987, l\u2019<a href=\"https:\/\/www.agefiph.fr\/\" rel=\"nofollow\">AGEFIPH<\/a>\u00a0agit pour l\u2019emploi des personnes en situation de handicap. Son initiative \u00ab\u00a0Activateur de progr\u00e8s\u00a0\u00bb r\u00e9unit aujourd\u2019hui plus de 15 000 entreprises en France qui favorisent l\u2019insertion professionnelle et l\u2019\u00e9volution des carri\u00e8res.<\/p>\r\n<h3><strong>Un r\u00e9seau d\u2019entreprises solidaires<\/strong><\/h3>\r\n<p>Les entreprises membres s\u2019engagent activement pour l\u2019inclusion des travailleurs en situation de handicap. Elles mettent en place des actions concr\u00e8tes pour favoriser leur recrutement, leur formation et leur maintien dans l\u2019emploi. Chaque entreprise joue un r\u00f4le essentiel en adaptant ses processus de recrutement et en sensibilisant ses collaborateurs \u00e0 l\u2019inclusion.<\/p>\r\n<h3><strong>Des actions concr\u00e8tes pour un impact r\u00e9el dans l\u2019inclusion<\/strong><\/h3>\r\n<p>\u00catre un activateur de progr\u00e8s, c\u2019est agir au quotidien. Cela passe par des recrutements inclusifs, des am\u00e9nagements de postes, des sensibilisations en interne et des dispositifs d\u2019accompagnement adapt\u00e9s. Les entreprises engag\u00e9es investissent aussi dans la formation de leurs salari\u00e9s pour garantir un environnement de travail plus accessible.<\/p>\r\n<h3><strong>Pourquoi rejoindre le mouvement ?<\/strong><\/h3>\r\n<p>En devenant activateur de progr\u00e8s, chaque entreprise contribue \u00e0 un avenir plus inclusif. Elle valorise la diversit\u00e9, enrichit son environnement de travail et ouvre des opportunit\u00e9s pour tous. Cet engagement renforce aussi l\u2019attractivit\u00e9 des entreprises en affirmant leurs valeurs humaines et soci\u00e9tales.<\/p>\r\n<h3><strong>L\u2019avenir de l\u2019inclusion professionnelle<\/strong><\/h3>\r\n<p>L\u2019insertion des personnes en situation de handicap est un enjeu soci\u00e9tal majeur. Gr\u00e2ce \u00e0 des initiatives comme \u00ab\u00a0Activateur de progr\u00e8s\u00a0\u00bb, les entreprises participent \u00e0 un changement durable et positif. Elles d\u00e9montrent ainsi qu\u2019une approche inclusive et responsable est un v\u00e9ritable levier de performance et d\u2019innovation.<\/p>\r\n<p>L\u2019engagement collectif fait la diff\u00e9rence. Agissons ensemble pour un monde professionnel plus ouvert et solidaire.<\/p>\r\n<h3><strong>Diversit\u00e9 et handicap : le GROUPE IDEC activateur de progr\u00e8s<\/strong><\/h3>\r\n<p>Nous d\u00e9fendons avec conviction l\u2019\u00e9galit\u00e9 des chances et agissons activement pour l\u2019inclusion des personnes en situation de handicap. Nous cr\u00e9ons des environnements de travail inclusifs o\u00f9 chacun est reconnu et valoris\u00e9 pour sa singularit\u00e9. Chaque individu, quels que soient ses d\u00e9fis, contribue pleinement \u00e0 la r\u00e9ussite collective et s\u2019\u00e9panouit au sein de notre organisation.<\/p>\r\n[\/vc_column_text][divider line_type=\u00a0\u00bbNo Line\u00a0\u00bb][nectar_cta btn_style=\u00a0\u00bbarrow-animation\u00a0\u00bb heading_tag=\u00a0\u00bbspan\u00a0\u00bb button_color=\u00a0\u00bbdefault\u00a0\u00bb text_color=\u00a0\u00bb#ef1300&Prime; text_color_hover=\u00a0\u00bb#000000&Prime; button_border_thickness=\u00a0\u00bb0px\u00a0\u00bb link_type=\u00a0\u00bbregular\u00a0\u00bb alignment=\u00a0\u00bbleft\u00a0\u00bb alignment_tablet=\u00a0\u00bbdefault\u00a0\u00bb alignment_phone=\u00a0\u00bbdefault\u00a0\u00bb constrain_group_3=\u00a0\u00bbyes\u00a0\u00bb constrain_group_4=\u00a0\u00bbyes\u00a0\u00bb display=\u00a0\u00bbblock\u00a0\u00bb display_tablet=\u00a0\u00bbinherit\u00a0\u00bb display_phone=\u00a0\u00bbinherit\u00a0\u00bb link_text=\u00a0\u00bbNos engagements\u00a0\u00bb margin_right=\u00a0\u00bb1em\u00a0\u00bb font_size_tablet=\u00a0\u00bb14&Prime; url=\u00a0\u00bbhttps:\/\/www.groupeidec.com\/emplois-carriere\/nos-engagements\/\u00a0\u00bb][divider line_type=\u00a0\u00bbNo Line\u00a0\u00bb][vc_column_text css=\u00a0\u00bb\u00a0\u00bb text_direction=\u00a0\u00bbdefault\u00a0\u00bb]\r\n<p><a href=\"https:\/\/www.activateurdeprogres.fr\/company\/groupe-idec-0\"><img loading=\"lazy\" decoding=\"async\" width=\"575\" height=\"292\" class=\"wp-image-653 aligncenter\" style=\"width: 213px; height: auto;\" src=\"https:\/\/www.groupeidec.com\/emplois-carriere\/wp-content\/uploads\/2025\/02\/activateur_de_progres.png\" alt=\"\" srcset=\"https:\/\/www.groupeidec.com\/emplois-carriere\/wp-content\/uploads\/2025\/02\/activateur_de_progres.png 575w, https:\/\/www.groupeidec.com\/emplois-carriere\/wp-content\/uploads\/2025\/02\/activateur_de_progres-300x152.png 300w\" sizes=\"auto, (max-width: 575px) 100vw, 575px\" \/><\/a><\/p>\r\n<div class=\"wp-block-columns\">\r\n<div class=\"wp-block-column\" style=\"flex-basis: 100%;\"><\/div>\r\n<!-- \/wp:post-content --><\/div>\r\n<!-- \/wp:columns -->\r\n[\/vc_column_text][\/vc_column][\/vc_row]","protected":false},"excerpt":{"rendered":"<p>[vc_row type=\u00a0\u00bbin_container\u00a0\u00bb full_screen_row_position=\u00a0\u00bbmiddle\u00a0\u00bb column_margin=\u00a0\u00bbdefault\u00a0\u00bb column_direction=\u00a0\u00bbdefault\u00a0\u00bb column_direction_tablet=\u00a0\u00bbdefault\u00a0\u00bb column_direction_phone=\u00a0\u00bbdefault\u00a0\u00bb scene_position=\u00a0\u00bbcenter\u00a0\u00bb text_color=\u00a0\u00bbdark\u00a0\u00bb text_align=\u00a0\u00bbleft\u00a0\u00bb row_border_radius=\u00a0\u00bbnone\u00a0\u00bb row_border_radius_applies=\u00a0\u00bbbg\u00a0\u00bb overflow=\u00a0\u00bbvisible\u00a0\u00bb overlay_strength=\u00a0\u00bb0.3&Prime; gradient_direction=\u00a0\u00bbleft_to_right\u00a0\u00bb shape_divider_position=\u00a0\u00bbbottom\u00a0\u00bb bg_image_animation=\u00a0\u00bbnone\u00a0\u00bb][vc_column column_padding=\u00a0\u00bbno-extra-padding\u00a0\u00bb column_padding_tablet=\u00a0\u00bbinherit\u00a0\u00bb column_padding_phone=\u00a0\u00bbinherit\u00a0\u00bb column_padding_position=\u00a0\u00bball\u00a0\u00bb column_element_direction_desktop=\u00a0\u00bbdefault\u00a0\u00bb column_element_spacing=\u00a0\u00bbdefault\u00a0\u00bb desktop_text_alignment=\u00a0\u00bbdefault\u00a0\u00bb tablet_text_alignment=\u00a0\u00bbdefault\u00a0\u00bb phone_text_alignment=\u00a0\u00bbdefault\u00a0\u00bb background_color_opacity=\u00a0\u00bb1&Prime; background_hover_color_opacity=\u00a0\u00bb1&Prime; column_backdrop_filter=\u00a0\u00bbnone\u00a0\u00bb column_shadow=\u00a0\u00bbnone\u00a0\u00bb&#8230;<\/p>\n","protected":false},"author":2,"featured_media":1138,"comment_status":"closed","ping_status":"closed","sticky":false,"template":"","format":"standard","meta":{"_seopress_robots_primary_cat":"10","_seopress_titles_title":"Diversit\u00e9 et handicap : le GROUPE IDEC est activateur de progr\u00e8s","_seopress_titles_desc":"Diversit\u00e9 et handicap : le GROUPE IDEC est activateur de progr\u00e8s pour favoriser l\u2019inclusion des personnes handicap\u00e9es dans l'emploi.","_seopress_robots_index":"","footnotes":""},"categories":[10],"tags":[],"class_list":{"0":"post-1135","1":"post","2":"type-post","3":"status-publish","4":"format-standard","5":"has-post-thumbnail","7":"category-engagement"},"_links":{"self":[{"href":"https:\/\/www.groupeidec.com\/emplois-carriere\/wp-json\/wp\/v2\/posts\/1135","targetHints":{"allow":["GET"]}}],"collection":[{"href":"https:\/\/www.groupeidec.com\/emplois-carriere\/wp-json\/wp\/v2\/posts"}],"about":[{"href":"https:\/\/www.groupeidec.com\/emplois-carriere\/wp-json\/wp\/v2\/types\/post"}],"author":[{"embeddable":true,"href":"https:\/\/www.groupeidec.com\/emplois-carriere\/wp-json\/wp\/v2\/users\/2"}],"replies":[{"embeddable":true,"href":"https:\/\/www.groupeidec.com\/emplois-carriere\/wp-json\/wp\/v2\/comments?post=1135"}],"version-history":[{"count":6,"href":"https:\/\/www.groupeidec.com\/emplois-carriere\/wp-json\/wp\/v2\/posts\/1135\/revisions"}],"predecessor-version":[{"id":2831,"href":"https:\/\/www.groupeidec.com\/emplois-carriere\/wp-json\/wp\/v2\/posts\/1135\/revisions\/2831"}],"wp:featuredmedia":[{"embeddable":true,"href":"https:\/\/www.groupeidec.com\/emplois-carriere\/wp-json\/wp\/v2\/media\/1138"}],"wp:attachment":[{"href":"https:\/\/www.groupeidec.com\/emplois-carriere\/wp-json\/wp\/v2\/media?parent=1135"}],"wp:term":[{"taxonomy":"category","embeddable":true,"href":"https:\/\/www.groupeidec.com\/emplois-carriere\/wp-json\/wp\/v2\/categories?post=1135"},{"taxonomy":"post_tag","embeddable":true,"href":"https:\/\/www.groupeidec.com\/emplois-carriere\/wp-json\/wp\/v2\/tags?post=1135"}],"curies":[{"name":"wp","href":"https:\/\/api.w.org\/{rel}","templated":true}]}}