{"id":1525,"date":"2023-06-26T19:29:29","date_gmt":"2023-06-26T17:29:29","guid":{"rendered":"https:\/\/www.groupeidec.com\/emplois-carriere\/?p=1525"},"modified":"2025-03-25T10:32:52","modified_gmt":"2025-03-25T09:32:52","slug":"un-moment-convivial-collaborateurs-groupe-idec","status":"publish","type":"post","link":"https:\/\/www.groupeidec.com\/emplois-carriere\/un-moment-convivial-collaborateurs-groupe-idec\/","title":{"rendered":"Un moment convivial pour les collaborateurs parisiens du GROUPE IDEC"},"content":{"rendered":"[vc_row type=\u00a0\u00bbin_container\u00a0\u00bb full_screen_row_position=\u00a0\u00bbmiddle\u00a0\u00bb column_margin=\u00a0\u00bbdefault\u00a0\u00bb column_direction=\u00a0\u00bbdefault\u00a0\u00bb column_direction_tablet=\u00a0\u00bbdefault\u00a0\u00bb column_direction_phone=\u00a0\u00bbdefault\u00a0\u00bb scene_position=\u00a0\u00bbcenter\u00a0\u00bb text_color=\u00a0\u00bbdark\u00a0\u00bb text_align=\u00a0\u00bbleft\u00a0\u00bb row_border_radius=\u00a0\u00bbnone\u00a0\u00bb row_border_radius_applies=\u00a0\u00bbbg\u00a0\u00bb overflow=\u00a0\u00bbvisible\u00a0\u00bb overlay_strength=\u00a0\u00bb0.3&Prime; gradient_direction=\u00a0\u00bbleft_to_right\u00a0\u00bb shape_divider_position=\u00a0\u00bbbottom\u00a0\u00bb bg_image_animation=\u00a0\u00bbnone\u00a0\u00bb][vc_column column_padding=\u00a0\u00bbno-extra-padding\u00a0\u00bb column_padding_tablet=\u00a0\u00bbinherit\u00a0\u00bb column_padding_phone=\u00a0\u00bbinherit\u00a0\u00bb column_padding_position=\u00a0\u00bball\u00a0\u00bb column_element_direction_desktop=\u00a0\u00bbdefault\u00a0\u00bb column_element_spacing=\u00a0\u00bbdefault\u00a0\u00bb desktop_text_alignment=\u00a0\u00bbdefault\u00a0\u00bb tablet_text_alignment=\u00a0\u00bbdefault\u00a0\u00bb phone_text_alignment=\u00a0\u00bbdefault\u00a0\u00bb background_color_opacity=\u00a0\u00bb1&Prime; background_hover_color_opacity=\u00a0\u00bb1&Prime; column_backdrop_filter=\u00a0\u00bbnone\u00a0\u00bb column_shadow=\u00a0\u00bbnone\u00a0\u00bb column_border_radius=\u00a0\u00bbnone\u00a0\u00bb column_link_target=\u00a0\u00bb_self\u00a0\u00bb column_position=\u00a0\u00bbdefault\u00a0\u00bb gradient_direction=\u00a0\u00bbleft_to_right\u00a0\u00bb overlay_strength=\u00a0\u00bb0.3&Prime; width=\u00a0\u00bb1\/1&Prime; tablet_width_inherit=\u00a0\u00bbdefault\u00a0\u00bb animation_type=\u00a0\u00bbdefault\u00a0\u00bb bg_image_animation=\u00a0\u00bbnone\u00a0\u00bb border_type=\u00a0\u00bbsimple\u00a0\u00bb column_border_width=\u00a0\u00bbnone\u00a0\u00bb column_border_style=\u00a0\u00bbsolid\u00a0\u00bb][vc_column_text css=\u00a0\u00bb\u00a0\u00bb text_direction=\u00a0\u00bbdefault\u00a0\u00bb]\n<h2>Un moment convivial pour les collaborateurs du GROUPE IDEC sur les bords de la Seine de partager. Un moment chaleureux, propice aux \u00e9changes et au renforcement des liens d\u2019\u00e9quipe. Ce type de rencontre favorise la coh\u00e9sion et contribue pleinement au bien-\u00eatre au travail.<\/h2>\n<p>&nbsp;<\/p>\n<h3><strong>Un \u00e9v\u00e9nement f\u00e9d\u00e9rateur sur les bords de la Seine<\/strong><\/h3>\n<p>Les collaborateurs parisiens du groupe se sont r\u00e9unis pour un moment privil\u00e9gi\u00e9 d\u2019\u00e9changes et de partage. \u00c0 l\u2019initiative de Patrice LAFARGUE, Fondateur et Pr\u00e9sident du GROUPE IDEC, cet \u00e9v\u00e9nement s\u2019est tenu au bord de la Seine, dans un cadre enchanteur. Sous un soleil radieux, l\u2019ambiance chaleureuse a favoris\u00e9 les \u00e9changes et renforc\u00e9 les liens entre les participants. Ce cadre informel a permis de nourrir la coh\u00e9sion au sein des \u00e9quipes.<\/p>\n<h3><strong>Renforce les liens entre coll\u00e8gues<\/strong><\/h3>\n<p>Cet apr\u00e8s-midi convivial a permis aux \u00e9quipes de se retrouver dans un contexte d\u00e9tendu. Les discussions informelles ont favoris\u00e9 la communication et la coh\u00e9sion entre les collaborateurs. Ce type de rencontre joue un r\u00f4le essentiel dans le bien-\u00eatre et la motivation des \u00e9quipes.<\/p>\n<h3><strong>Un cadre agr\u00e9able propice aux \u00e9changes<\/strong><\/h3>\n<p>Les quais de la Seine ont offert un d\u00e9cor id\u00e9al pour cet \u00e9v\u00e9nement. Entre nature et dynamisme urbain, ce cadre a encourag\u00e9 les \u00e9changes spontan\u00e9s. Les collaborateurs ont ainsi pu partager leurs exp\u00e9riences, renforcer leur esprit d\u2019\u00e9quipe et cr\u00e9er de nouveaux liens.<\/p>\n<h3><strong>Plus de 20 ans de passion et de partage<\/strong><\/h3>\n<p>Chaque rencontre permet de renforcer nos liens, d\u2019\u00e9changer et de c\u00e9l\u00e9brer nos r\u00e9ussites. La vie en entreprise, c\u2019est aussi partager des exp\u00e9riences, cr\u00e9er des souvenirs communs et appr\u00e9cier le chemin accompli ensemble. Ces moments de convivialit\u00e9 favorisent la motivation, renforcent l\u2019esprit d\u2019\u00e9quipe et contribuent \u00e0 un environnement de travail \u00e9panouissant. En cultivant ces instants de partage, nous b\u00e2tissons une dynamique positive et durable au sein de nos \u00e9quipes.<\/p>\n<h3><strong>Retour en images<\/strong><\/h3>\n[\/vc_column_text][vc_column_text css=\u00a0\u00bb\u00a0\u00bb text_direction=\u00a0\u00bbdefault\u00a0\u00bb]https:\/\/youtu.be\/zybQ7SZSz-Y?si=X4JyZ5Zx-WJHkQ2l[\/vc_column_text][divider line_type=\u00a0\u00bbNo Line\u00a0\u00bb][nectar_cta btn_style=\u00a0\u00bbarrow-animation\u00a0\u00bb heading_tag=\u00a0\u00bbspan\u00a0\u00bb button_color=\u00a0\u00bbdefault\u00a0\u00bb text_color=\u00a0\u00bb#ef1300&Prime; text_color_hover=\u00a0\u00bb#000000&Prime; button_border_thickness=\u00a0\u00bb0px\u00a0\u00bb link_type=\u00a0\u00bbregular\u00a0\u00bb alignment=\u00a0\u00bbleft\u00a0\u00bb alignment_tablet=\u00a0\u00bbdefault\u00a0\u00bb alignment_phone=\u00a0\u00bbdefault\u00a0\u00bb constrain_group_3=\u00a0\u00bbyes\u00a0\u00bb constrain_group_4=\u00a0\u00bbyes\u00a0\u00bb display=\u00a0\u00bbblock\u00a0\u00bb display_tablet=\u00a0\u00bbinherit\u00a0\u00bb display_phone=\u00a0\u00bbinherit\u00a0\u00bb link_text=\u00a0\u00bbUne carri\u00e8re pleine de vies !\u00a0\u00bb margin_right=\u00a0\u00bb1em\u00a0\u00bb font_size_tablet=\u00a0\u00bb14&Prime; url=\u00a0\u00bbhttps:\/\/www.groupeidec.com\/emplois-carriere\/une-carriere-pleine-de-vies\/\u00a0\u00bb][\/vc_column][\/vc_row]\n","protected":false},"excerpt":{"rendered":"<p>[vc_row type=\u00a0\u00bbin_container\u00a0\u00bb full_screen_row_position=\u00a0\u00bbmiddle\u00a0\u00bb column_margin=\u00a0\u00bbdefault\u00a0\u00bb column_direction=\u00a0\u00bbdefault\u00a0\u00bb column_direction_tablet=\u00a0\u00bbdefault\u00a0\u00bb column_direction_phone=\u00a0\u00bbdefault\u00a0\u00bb scene_position=\u00a0\u00bbcenter\u00a0\u00bb text_color=\u00a0\u00bbdark\u00a0\u00bb text_align=\u00a0\u00bbleft\u00a0\u00bb row_border_radius=\u00a0\u00bbnone\u00a0\u00bb row_border_radius_applies=\u00a0\u00bbbg\u00a0\u00bb overflow=\u00a0\u00bbvisible\u00a0\u00bb overlay_strength=\u00a0\u00bb0.3&Prime; gradient_direction=\u00a0\u00bbleft_to_right\u00a0\u00bb shape_divider_position=\u00a0\u00bbbottom\u00a0\u00bb bg_image_animation=\u00a0\u00bbnone\u00a0\u00bb][vc_column column_padding=\u00a0\u00bbno-extra-padding\u00a0\u00bb column_padding_tablet=\u00a0\u00bbinherit\u00a0\u00bb column_padding_phone=\u00a0\u00bbinherit\u00a0\u00bb column_padding_position=\u00a0\u00bball\u00a0\u00bb column_element_direction_desktop=\u00a0\u00bbdefault\u00a0\u00bb column_element_spacing=\u00a0\u00bbdefault\u00a0\u00bb desktop_text_alignment=\u00a0\u00bbdefault\u00a0\u00bb tablet_text_alignment=\u00a0\u00bbdefault\u00a0\u00bb phone_text_alignment=\u00a0\u00bbdefault\u00a0\u00bb background_color_opacity=\u00a0\u00bb1&Prime; background_hover_color_opacity=\u00a0\u00bb1&Prime; column_backdrop_filter=\u00a0\u00bbnone\u00a0\u00bb column_shadow=\u00a0\u00bbnone\u00a0\u00bb&#8230;<\/p>\n","protected":false},"author":2,"featured_media":2515,"comment_status":"closed","ping_status":"closed","sticky":false,"template":"","format":"standard","meta":{"_seopress_robots_primary_cat":"13","_seopress_titles_title":"Un moment convivial pour les collaborateurs du GROUPE IDEC","_seopress_titles_desc":"Les collaborateurs du GROUPE IDEC se sont r\u00e9unis pour un moment convivial, favorisant les \u00e9changes et le renforcement des liens d\u2019\u00e9quipe.","_seopress_robots_index":"","footnotes":""},"categories":[8,13],"tags":[],"class_list":{"0":"post-1525","1":"post","2":"type-post","3":"status-publish","4":"format-standard","5":"has-post-thumbnail","7":"category-bien-etre","8":"category-evenement"},"_links":{"self":[{"href":"https:\/\/www.groupeidec.com\/emplois-carriere\/wp-json\/wp\/v2\/posts\/1525","targetHints":{"allow":["GET"]}}],"collection":[{"href":"https:\/\/www.groupeidec.com\/emplois-carriere\/wp-json\/wp\/v2\/posts"}],"about":[{"href":"https:\/\/www.groupeidec.com\/emplois-carriere\/wp-json\/wp\/v2\/types\/post"}],"author":[{"embeddable":true,"href":"https:\/\/www.groupeidec.com\/emplois-carriere\/wp-json\/wp\/v2\/users\/2"}],"replies":[{"embeddable":true,"href":"https:\/\/www.groupeidec.com\/emplois-carriere\/wp-json\/wp\/v2\/comments?post=1525"}],"version-history":[{"count":7,"href":"https:\/\/www.groupeidec.com\/emplois-carriere\/wp-json\/wp\/v2\/posts\/1525\/revisions"}],"predecessor-version":[{"id":2516,"href":"https:\/\/www.groupeidec.com\/emplois-carriere\/wp-json\/wp\/v2\/posts\/1525\/revisions\/2516"}],"wp:featuredmedia":[{"embeddable":true,"href":"https:\/\/www.groupeidec.com\/emplois-carriere\/wp-json\/wp\/v2\/media\/2515"}],"wp:attachment":[{"href":"https:\/\/www.groupeidec.com\/emplois-carriere\/wp-json\/wp\/v2\/media?parent=1525"}],"wp:term":[{"taxonomy":"category","embeddable":true,"href":"https:\/\/www.groupeidec.com\/emplois-carriere\/wp-json\/wp\/v2\/categories?post=1525"},{"taxonomy":"post_tag","embeddable":true,"href":"https:\/\/www.groupeidec.com\/emplois-carriere\/wp-json\/wp\/v2\/tags?post=1525"}],"curies":[{"name":"wp","href":"https:\/\/api.w.org\/{rel}","templated":true}]}}