{"id":1551,"date":"2024-07-02T17:41:59","date_gmt":"2024-07-02T15:41:59","guid":{"rendered":"https:\/\/www.groupeidec.com\/emplois-carriere\/?p=1551"},"modified":"2025-03-25T17:57:49","modified_gmt":"2025-03-25T16:57:49","slug":"idec-grand-sud-gigot-bitume-chantier-aventech","status":"publish","type":"post","link":"https:\/\/www.groupeidec.com\/emplois-carriere\/idec-grand-sud-gigot-bitume-chantier-aventech\/","title":{"rendered":"Tradition et Convivialit\u00e9 sur le Chantier Aventech : IDEC GRAND SUD Organise le Gigot Bitume"},"content":{"rendered":"[vc_row type=\u00a0\u00bbin_container\u00a0\u00bb full_screen_row_position=\u00a0\u00bbmiddle\u00a0\u00bb column_margin=\u00a0\u00bbdefault\u00a0\u00bb column_direction=\u00a0\u00bbdefault\u00a0\u00bb column_direction_tablet=\u00a0\u00bbdefault\u00a0\u00bb column_direction_phone=\u00a0\u00bbdefault\u00a0\u00bb scene_position=\u00a0\u00bbcenter\u00a0\u00bb text_color=\u00a0\u00bbdark\u00a0\u00bb text_align=\u00a0\u00bbleft\u00a0\u00bb row_border_radius=\u00a0\u00bbnone\u00a0\u00bb row_border_radius_applies=\u00a0\u00bbbg\u00a0\u00bb overflow=\u00a0\u00bbvisible\u00a0\u00bb overlay_strength=\u00a0\u00bb0.3&Prime; gradient_direction=\u00a0\u00bbleft_to_right\u00a0\u00bb shape_divider_position=\u00a0\u00bbbottom\u00a0\u00bb bg_image_animation=\u00a0\u00bbnone\u00a0\u00bb][vc_column column_padding=\u00a0\u00bbno-extra-padding\u00a0\u00bb column_padding_tablet=\u00a0\u00bbinherit\u00a0\u00bb column_padding_phone=\u00a0\u00bbinherit\u00a0\u00bb column_padding_position=\u00a0\u00bball\u00a0\u00bb column_element_direction_desktop=\u00a0\u00bbdefault\u00a0\u00bb column_element_spacing=\u00a0\u00bbdefault\u00a0\u00bb desktop_text_alignment=\u00a0\u00bbdefault\u00a0\u00bb tablet_text_alignment=\u00a0\u00bbdefault\u00a0\u00bb phone_text_alignment=\u00a0\u00bbdefault\u00a0\u00bb background_color_opacity=\u00a0\u00bb1&Prime; background_hover_color_opacity=\u00a0\u00bb1&Prime; column_backdrop_filter=\u00a0\u00bbnone\u00a0\u00bb column_shadow=\u00a0\u00bbnone\u00a0\u00bb column_border_radius=\u00a0\u00bbnone\u00a0\u00bb column_link_target=\u00a0\u00bb_self\u00a0\u00bb column_position=\u00a0\u00bbdefault\u00a0\u00bb gradient_direction=\u00a0\u00bbleft_to_right\u00a0\u00bb overlay_strength=\u00a0\u00bb0.3&Prime; width=\u00a0\u00bb1\/1&Prime; tablet_width_inherit=\u00a0\u00bbdefault\u00a0\u00bb animation_type=\u00a0\u00bbdefault\u00a0\u00bb bg_image_animation=\u00a0\u00bbnone\u00a0\u00bb border_type=\u00a0\u00bbsimple\u00a0\u00bb column_border_width=\u00a0\u00bbnone\u00a0\u00bb column_border_style=\u00a0\u00bbsolid\u00a0\u00bb][vc_column_text css=\u00a0\u00bb\u00a0\u00bb text_direction=\u00a0\u00bbdefault\u00a0\u00bb]\n<h2>IDEC GRAND SUD organise un Gigot Bitume sur le chantier Aventech \u00e0 Alixan pour c\u00e9l\u00e9brer la fin du clos-couvert et remercier les entreprises impliqu\u00e9es. Cet \u00e9v\u00e9nement convivial a renforc\u00e9 les liens entre les \u00e9quipes et marqu\u00e9 une \u00e9tape cl\u00e9 dans l&rsquo;avancement du projet.<\/h2>\n<p>&nbsp;<\/p>\n<h3><strong>Un \u00c9v\u00e9nement Convivial pour C\u00e9l\u00e9brer une \u00c9tape Cruciale<\/strong><\/h3>\n<p>IDEC GRAND SUD organise un Gigot Bitume sur le chantier Aventech \u00e0 Alixan (26) pour marquer la fin de l\u2019\u00e9tape du clos-couvert. Fid\u00e8le \u00e0 cette tradition bien ancr\u00e9e dans le secteur du BTP, <a href=\"https:\/\/idec-grandsud.com\/\">IDEC GRAND SUD<\/a> r\u00e9unit toutes les \u00e9quipes impliqu\u00e9es dans ce projet ambitieux. \u00c0 travers ce moment de convivialit\u00e9, l\u2019entreprise remercie les entreprises pour leur travail et c\u00e9l\u00e8bre cette avanc\u00e9e majeure du chantier.<\/p>\n<h3><strong>Une Tradition du BTP : Le Gigot Bitume<\/strong><\/h3>\n<p>Le Gigot Bitume est une tradition qui existe depuis longtemps dans le secteur du b\u00e2timent et des travaux publics. Contrairement \u00e0 ce que son nom pourrait sugg\u00e9rer, la viande n&rsquo;est pas cuite dans le bitume. Elle est d&rsquo;abord emball\u00e9e dans des papillotes, puis immerg\u00e9e dans un bain de bitume chauff\u00e9 \u00e0 250\u00b0C. Cette m\u00e9thode unique permet une cuisson \u00e0 l&rsquo;\u00e9touff\u00e9e de deux heures, donnant \u00e0 la viande une saveur incomparable, tout en restant exempte de tout go\u00fbt de bitume.<\/p>\n<h3><strong>Un Moment de Partage et de Convivialit\u00e9<\/strong><\/h3>\n<p>Le Gigot Bitume est bien plus qu&rsquo;un simple repas. C&rsquo;est un moment de partage et de convivialit\u00e9, une occasion id\u00e9ale pour rencontrer les acteurs du projet que l&rsquo;on croise rarement sur les chantiers. Nad\u00e8ge LEMAITRE, collaboratrice d&rsquo;architecte, confie que pour elle, cet \u00e9v\u00e9nement est aussi l&rsquo;occasion de visiter le chantier et de voir concr\u00e8tement l&rsquo;avancement des travaux. \u00ab\u00a0Voir en r\u00e9el le b\u00e2timent que l&rsquo;on avait vu \u00e0 l&rsquo;\u00e9cran se monter sous nos yeux est inestimable\u00a0\u00bb, explique-t-elle.[\/vc_column_text][divider line_type=\u00a0\u00bbNo Line\u00a0\u00bb][image_with_animation image_url=\u00a0\u00bb2522&Prime; image_size=\u00a0\u00bbfull\u00a0\u00bb animation_type=\u00a0\u00bbentrance\u00a0\u00bb animation=\u00a0\u00bbNone\u00a0\u00bb animation_movement_type=\u00a0\u00bbtransform_y\u00a0\u00bb hover_animation=\u00a0\u00bbnone\u00a0\u00bb alignment=\u00a0\u00bb\u00a0\u00bb border_radius=\u00a0\u00bbnone\u00a0\u00bb box_shadow=\u00a0\u00bbnone\u00a0\u00bb image_loading=\u00a0\u00bbdefault\u00a0\u00bb max_width=\u00a0\u00bb100%\u00a0\u00bb max_width_mobile=\u00a0\u00bbdefault\u00a0\u00bb][divider line_type=\u00a0\u00bbNo Line\u00a0\u00bb][vc_column_text css=\u00a0\u00bb\u00a0\u00bb text_direction=\u00a0\u00bbdefault\u00a0\u00bb]\n<h3><strong>Une Synergie Remarquable sur le Projet Aventech<\/strong><\/h3>\n<p data-start=\"0\" data-end=\"336\">Le chantier Aventech incarne un projet d&rsquo;envergure, illustrant la collaboration efficace entre plusieurs entit\u00e9s du GROUPE IDEC. IDEC GRAND SUD con\u00e7oit et construit l\u2019ensemble cl\u00e9 en main, tandis qu\u2019IDEC ENERGY SOLAR installe une solution photovolta\u00efque de pointe. Par ailleurs, le GROUPE IDEC INVEST co-investit aux c\u00f4t\u00e9s d\u2019Aventech.<\/p>\n<p data-start=\"338\" data-end=\"773\" data-is-last-node=\"\" data-is-only-node=\"\">Les travaux avancent \u00e0 un bon rythme : les \u00e9quipes ont achev\u00e9 le coulage des dallages int\u00e9rieurs \u00e0 la mi-juin, et les peintures commencent d\u00e9j\u00e0 \u00e0 recouvrir la zone bureaux. D\u2019ici d\u00e9but juillet, elles installeront les ossatures de faux-plafond. \u00c0 l\u2019ext\u00e9rieur, elles poursuivent l\u2019am\u00e9nagement avec le dallage et les rev\u00eatements pr\u00e9vus pour l\u2019\u00e9t\u00e9.<\/p>\n<h3><strong>Un \u00c9v\u00e9nement qui Renforce les Liens au Sein du GROUPE IDEC<\/strong><\/h3>\n<p data-start=\"0\" data-end=\"473\">Le chantier Aventech c\u00e9l\u00e8bre une avanc\u00e9e technique avec le Gigot Bitume, tout en renfor\u00e7ant les relations entre les diff\u00e9rents acteurs du projet. Ce moment de convivialit\u00e9 r\u00e9unit les \u00e9quipes et leur permet de c\u00e9l\u00e9brer ensemble cette \u00e9tape importante. Andr\u00e9 LAC-PEYRAS, responsable d\u2019architecture, partage son enthousiasme : \u00ab\u00a0Un bonheur de participer \u00e0 cette tradition\u00a0\u00bb. De son c\u00f4t\u00e9, Marine OUZRARA, assistante travaux, se r\u00e9jouit de contribuer \u00e0 cet \u00e9v\u00e9nement f\u00e9d\u00e9rateur.<\/p>\n<p data-start=\"475\" data-end=\"702\" data-is-last-node=\"\" data-is-only-node=\"\">Bien plus qu\u2019un simple repas, le Gigot Bitume incarne la convivialit\u00e9 et la synergie du projet. Il illustre \u00e9galement l\u2019efficacit\u00e9 et l\u2019esprit d\u2019\u00e9quipe au sein du GROUPE IDEC, s\u2019imposant comme un moment phare sur les chantiers.<\/p>\n[\/vc_column_text][divider line_type=\u00a0\u00bbNo Line\u00a0\u00bb][image_with_animation image_url=\u00a0\u00bb2524&Prime; image_size=\u00a0\u00bbfull\u00a0\u00bb animation_type=\u00a0\u00bbentrance\u00a0\u00bb animation=\u00a0\u00bbNone\u00a0\u00bb animation_movement_type=\u00a0\u00bbtransform_y\u00a0\u00bb hover_animation=\u00a0\u00bbnone\u00a0\u00bb alignment=\u00a0\u00bb\u00a0\u00bb border_radius=\u00a0\u00bbnone\u00a0\u00bb box_shadow=\u00a0\u00bbnone\u00a0\u00bb image_loading=\u00a0\u00bbdefault\u00a0\u00bb max_width=\u00a0\u00bb100%\u00a0\u00bb max_width_mobile=\u00a0\u00bbdefault\u00a0\u00bb][divider line_type=\u00a0\u00bbNo Line\u00a0\u00bb][vc_column_text css=\u00a0\u00bb\u00a0\u00bb text_direction=\u00a0\u00bbdefault\u00a0\u00bb]\n<h3><strong>Un accompagnement cl\u00e9 en main pour la r\u00e9alisation de ce projet<\/strong><\/h3>\n<p>S\u00e9bastien CERISE, Directeur G\u00e9n\u00e9ral d\u2019Aventech, partage son exp\u00e9rience avec le GROUPE IDEC dans la r\u00e9alisation de ce nouveau projet.[\/vc_column_text][divider line_type=\u00a0\u00bbNo Line\u00a0\u00bb][vc_column_text css=\u00a0\u00bb\u00a0\u00bb text_direction=\u00a0\u00bbdefault\u00a0\u00bb]https:\/\/youtu.be\/zIJGzBlBZsw?si=9ROaFF2Yr58Tw0qj[\/vc_column_text][divider line_type=\u00a0\u00bbNo Line\u00a0\u00bb][nectar_cta btn_style=\u00a0\u00bbarrow-animation\u00a0\u00bb heading_tag=\u00a0\u00bbspan\u00a0\u00bb button_color=\u00a0\u00bbdefault\u00a0\u00bb text_color=\u00a0\u00bb#ef1300&Prime; text_color_hover=\u00a0\u00bb#000000&Prime; button_border_thickness=\u00a0\u00bb0px\u00a0\u00bb link_type=\u00a0\u00bbregular\u00a0\u00bb alignment=\u00a0\u00bbleft\u00a0\u00bb alignment_tablet=\u00a0\u00bbdefault\u00a0\u00bb alignment_phone=\u00a0\u00bbdefault\u00a0\u00bb constrain_group_3=\u00a0\u00bbyes\u00a0\u00bb constrain_group_4=\u00a0\u00bbyes\u00a0\u00bb display=\u00a0\u00bbblock\u00a0\u00bb display_tablet=\u00a0\u00bbinherit\u00a0\u00bb display_phone=\u00a0\u00bbinherit\u00a0\u00bb link_text=\u00a0\u00bbDevenez acteur de l&rsquo;innovation\u00a0\u00bb margin_right=\u00a0\u00bb1em\u00a0\u00bb font_size_tablet=\u00a0\u00bb14&Prime; url=\u00a0\u00bbhttps:\/\/www.groupeidec.com\/emplois-carriere\/etre-acteur-de-linnovation\/\u00a0\u00bb][\/vc_column][\/vc_row]\n","protected":false},"excerpt":{"rendered":"<p>[vc_row type=\u00a0\u00bbin_container\u00a0\u00bb full_screen_row_position=\u00a0\u00bbmiddle\u00a0\u00bb column_margin=\u00a0\u00bbdefault\u00a0\u00bb column_direction=\u00a0\u00bbdefault\u00a0\u00bb column_direction_tablet=\u00a0\u00bbdefault\u00a0\u00bb column_direction_phone=\u00a0\u00bbdefault\u00a0\u00bb scene_position=\u00a0\u00bbcenter\u00a0\u00bb text_color=\u00a0\u00bbdark\u00a0\u00bb text_align=\u00a0\u00bbleft\u00a0\u00bb row_border_radius=\u00a0\u00bbnone\u00a0\u00bb row_border_radius_applies=\u00a0\u00bbbg\u00a0\u00bb overflow=\u00a0\u00bbvisible\u00a0\u00bb overlay_strength=\u00a0\u00bb0.3&Prime; gradient_direction=\u00a0\u00bbleft_to_right\u00a0\u00bb shape_divider_position=\u00a0\u00bbbottom\u00a0\u00bb bg_image_animation=\u00a0\u00bbnone\u00a0\u00bb][vc_column column_padding=\u00a0\u00bbno-extra-padding\u00a0\u00bb column_padding_tablet=\u00a0\u00bbinherit\u00a0\u00bb column_padding_phone=\u00a0\u00bbinherit\u00a0\u00bb column_padding_position=\u00a0\u00bball\u00a0\u00bb column_element_direction_desktop=\u00a0\u00bbdefault\u00a0\u00bb column_element_spacing=\u00a0\u00bbdefault\u00a0\u00bb desktop_text_alignment=\u00a0\u00bbdefault\u00a0\u00bb tablet_text_alignment=\u00a0\u00bbdefault\u00a0\u00bb phone_text_alignment=\u00a0\u00bbdefault\u00a0\u00bb background_color_opacity=\u00a0\u00bb1&Prime; background_hover_color_opacity=\u00a0\u00bb1&Prime; column_backdrop_filter=\u00a0\u00bbnone\u00a0\u00bb column_shadow=\u00a0\u00bbnone\u00a0\u00bb&#8230;<\/p>\n","protected":false},"author":2,"featured_media":2521,"comment_status":"closed","ping_status":"closed","sticky":false,"template":"","format":"standard","meta":{"_seopress_robots_primary_cat":"13","_seopress_titles_title":"IDEC GRAND SUD organise un Gigot Bitume f\u00e9d\u00e9rateur","_seopress_titles_desc":"IDEC GRAND SUD organise le Gigot Bitume sur le chantier Aventech, un \u00e9v\u00e9nement convivial pour c\u00e9l\u00e9brer une \u00e9tape cl\u00e9 du projet.","_seopress_robots_index":"","footnotes":""},"categories":[13,9],"tags":[],"class_list":{"0":"post-1551","1":"post","2":"type-post","3":"status-publish","4":"format-standard","5":"has-post-thumbnail","7":"category-evenement","8":"category-metier"},"_links":{"self":[{"href":"https:\/\/www.groupeidec.com\/emplois-carriere\/wp-json\/wp\/v2\/posts\/1551","targetHints":{"allow":["GET"]}}],"collection":[{"href":"https:\/\/www.groupeidec.com\/emplois-carriere\/wp-json\/wp\/v2\/posts"}],"about":[{"href":"https:\/\/www.groupeidec.com\/emplois-carriere\/wp-json\/wp\/v2\/types\/post"}],"author":[{"embeddable":true,"href":"https:\/\/www.groupeidec.com\/emplois-carriere\/wp-json\/wp\/v2\/users\/2"}],"replies":[{"embeddable":true,"href":"https:\/\/www.groupeidec.com\/emplois-carriere\/wp-json\/wp\/v2\/comments?post=1551"}],"version-history":[{"count":25,"href":"https:\/\/www.groupeidec.com\/emplois-carriere\/wp-json\/wp\/v2\/posts\/1551\/revisions"}],"predecessor-version":[{"id":2574,"href":"https:\/\/www.groupeidec.com\/emplois-carriere\/wp-json\/wp\/v2\/posts\/1551\/revisions\/2574"}],"wp:featuredmedia":[{"embeddable":true,"href":"https:\/\/www.groupeidec.com\/emplois-carriere\/wp-json\/wp\/v2\/media\/2521"}],"wp:attachment":[{"href":"https:\/\/www.groupeidec.com\/emplois-carriere\/wp-json\/wp\/v2\/media?parent=1551"}],"wp:term":[{"taxonomy":"category","embeddable":true,"href":"https:\/\/www.groupeidec.com\/emplois-carriere\/wp-json\/wp\/v2\/categories?post=1551"},{"taxonomy":"post_tag","embeddable":true,"href":"https:\/\/www.groupeidec.com\/emplois-carriere\/wp-json\/wp\/v2\/tags?post=1551"}],"curies":[{"name":"wp","href":"https:\/\/api.w.org\/{rel}","templated":true}]}}