{"id":173,"date":"2024-05-30T08:00:00","date_gmt":"2024-05-30T06:00:00","guid":{"rendered":"https:\/\/www.groupeidec.com\/emplois-carriere\/?p=173"},"modified":"2025-06-25T10:41:17","modified_gmt":"2025-06-25T08:41:17","slug":"groupe-idec-engage-sclerose-en-plaques","status":"publish","type":"post","link":"https:\/\/www.groupeidec.com\/emplois-carriere\/groupe-idec-engage-sclerose-en-plaques\/","title":{"rendered":"Le GROUPE IDEC a \u0153uvr\u00e9 pour la Journ\u00e9e Mondiale de la scl\u00e9rose en plaque"},"content":{"rendered":"[vc_row type=\u00a0\u00bbin_container\u00a0\u00bb full_screen_row_position=\u00a0\u00bbmiddle\u00a0\u00bb column_margin=\u00a0\u00bbdefault\u00a0\u00bb column_direction=\u00a0\u00bbdefault\u00a0\u00bb column_direction_tablet=\u00a0\u00bbdefault\u00a0\u00bb column_direction_phone=\u00a0\u00bbdefault\u00a0\u00bb scene_position=\u00a0\u00bbcenter\u00a0\u00bb text_color=\u00a0\u00bbdark\u00a0\u00bb text_align=\u00a0\u00bbleft\u00a0\u00bb row_border_radius=\u00a0\u00bbnone\u00a0\u00bb row_border_radius_applies=\u00a0\u00bbbg\u00a0\u00bb overflow=\u00a0\u00bbvisible\u00a0\u00bb overlay_strength=\u00a0\u00bb0.3&Prime; gradient_direction=\u00a0\u00bbleft_to_right\u00a0\u00bb shape_divider_position=\u00a0\u00bbbottom\u00a0\u00bb bg_image_animation=\u00a0\u00bbnone\u00a0\u00bb][vc_column column_padding=\u00a0\u00bbno-extra-padding\u00a0\u00bb column_padding_tablet=\u00a0\u00bbinherit\u00a0\u00bb column_padding_phone=\u00a0\u00bbinherit\u00a0\u00bb column_padding_position=\u00a0\u00bball\u00a0\u00bb column_element_direction_desktop=\u00a0\u00bbdefault\u00a0\u00bb column_element_spacing=\u00a0\u00bbdefault\u00a0\u00bb desktop_text_alignment=\u00a0\u00bbdefault\u00a0\u00bb tablet_text_alignment=\u00a0\u00bbdefault\u00a0\u00bb phone_text_alignment=\u00a0\u00bbdefault\u00a0\u00bb background_color_opacity=\u00a0\u00bb1&Prime; background_hover_color_opacity=\u00a0\u00bb1&Prime; column_backdrop_filter=\u00a0\u00bbnone\u00a0\u00bb column_shadow=\u00a0\u00bbnone\u00a0\u00bb column_border_radius=\u00a0\u00bbnone\u00a0\u00bb column_link_target=\u00a0\u00bb_self\u00a0\u00bb column_position=\u00a0\u00bbdefault\u00a0\u00bb gradient_direction=\u00a0\u00bbleft_to_right\u00a0\u00bb overlay_strength=\u00a0\u00bb0.3&Prime; width=\u00a0\u00bb1\/1&Prime; tablet_width_inherit=\u00a0\u00bbdefault\u00a0\u00bb animation_type=\u00a0\u00bbdefault\u00a0\u00bb bg_image_animation=\u00a0\u00bbnone\u00a0\u00bb border_type=\u00a0\u00bbsimple\u00a0\u00bb column_border_width=\u00a0\u00bbnone\u00a0\u00bb column_border_style=\u00a0\u00bbsolid\u00a0\u00bb][vc_column_text css=\u00a0\u00bb\u00a0\u00bb text_direction=\u00a0\u00bbdefault\u00a0\u00bb]\n<h2>Chez GROUPE IDEC, nos collaborateurs montrent leur solidarit\u00e9 dans le cadre de notre engagement RSE. \u00c0 leur initiative, ils ont collect\u00e9 la somme de 3 000 \u20ac pour la FONDATION ARSEP, soutenant ainsi la lutte contre la scl\u00e9rose en plaques.<\/h2>\n<p>&nbsp;<\/p>\n<h3><strong>Un engagement RSE au c\u0153ur du GROUPE IDEC<\/strong><\/h3>\n<p>Le GROUPE IDEC permet \u00e0 ses collaborateurs de participer \u00e0 des projets significatifs, en ligne avec sa politique RSE ambitieuse. Nous croyons que chaque action compte. C\u2019est pourquoi nous soutenons les initiatives solidaires qui incarnent nos valeurs de partage, d\u2019entraide et d\u2019engagement soci\u00e9tal. Nous organisons des collectes de fonds, menons des actions b\u00e9n\u00e9voles et cr\u00e9ons des partenariats avec des associations engag\u00e9es pour maximiser notre impact.<\/p>\n<p>Cet engagement prend forme par des actions concr\u00e8tes, comme la r\u00e9cente mobilisation de nos \u00e9quipes contre la scl\u00e9rose en plaques. Pour nous, la responsabilit\u00e9 soci\u00e9tale n\u2019est pas simplement un principe, mais une part essentielle de notre culture d\u2019entreprise.<\/p>\n<h3><strong>GROUPE IDEC engag\u00e9 contre la Scl\u00e9rose en Plaques<\/strong><\/h3>\n<p>Une mobilisation collective contre la scl\u00e9rose en plaques. Une collaboratrice a lanc\u00e9 un appel aux dons pour soutenir la lutte contre la scl\u00e9rose en plaques. Gr\u00e2ce \u00e0 une mobilisation remarquable, 33 % de nos collaborateurs ont r\u00e9pondu pr\u00e9sent, permettant de r\u00e9colter 3 000 euros.<\/p>\n<p>La totalit\u00e9 des fonds a \u00e9t\u00e9 revers\u00e9e \u00e0 la\u00a0<a href=\"https:\/\/www.arsep.org\/\" rel=\"nofollow\">Fondation ARSEP<\/a>, qui soutient la recherche et l\u2019accompagnement des patients. Ce geste de solidarit\u00e9 refl\u00e8te l\u2019engagement profond de nos \u00e9quipes envers des causes essentielles.<\/p>\n<h3><strong>Fiert\u00e9 et Gratitude lors de la Journ\u00e9e Mondiale de la Scl\u00e9rose en Plaques<\/strong><\/h3>\n<p>En cette journ\u00e9e mondiale, nous rendons hommage \u00e0 l\u2019engagement exceptionnel de nos collaborateurs dans cette belle initiative solidaire. Leur g\u00e9n\u00e9rosit\u00e9 et leur mobilisation t\u00e9moignent des valeurs du GROUPE IDEC et de l\u2019impact collectif de nos actions.<\/p>\n<p><strong>Nous remercions et f\u00e9licitons sinc\u00e8rement toutes celles et ceux qui ont contribu\u00e9 \u00e0 ce projet !<\/strong>[\/vc_column_text][\/vc_column][\/vc_row][vc_row type=\u00a0\u00bbin_container\u00a0\u00bb full_screen_row_position=\u00a0\u00bbmiddle\u00a0\u00bb column_margin=\u00a0\u00bbdefault\u00a0\u00bb column_direction=\u00a0\u00bbdefault\u00a0\u00bb column_direction_tablet=\u00a0\u00bbdefault\u00a0\u00bb column_direction_phone=\u00a0\u00bbdefault\u00a0\u00bb scene_position=\u00a0\u00bbcenter\u00a0\u00bb text_color=\u00a0\u00bbdark\u00a0\u00bb text_align=\u00a0\u00bbleft\u00a0\u00bb row_border_radius=\u00a0\u00bbnone\u00a0\u00bb row_border_radius_applies=\u00a0\u00bbbg\u00a0\u00bb overflow=\u00a0\u00bbvisible\u00a0\u00bb overlay_strength=\u00a0\u00bb0.3&Prime; gradient_direction=\u00a0\u00bbleft_to_right\u00a0\u00bb shape_divider_position=\u00a0\u00bbbottom\u00a0\u00bb bg_image_animation=\u00a0\u00bbnone\u00a0\u00bb][vc_column column_padding=\u00a0\u00bbno-extra-padding\u00a0\u00bb column_padding_tablet=\u00a0\u00bbinherit\u00a0\u00bb column_padding_phone=\u00a0\u00bbinherit\u00a0\u00bb column_padding_position=\u00a0\u00bball\u00a0\u00bb column_element_direction_desktop=\u00a0\u00bbdefault\u00a0\u00bb column_element_spacing=\u00a0\u00bbdefault\u00a0\u00bb desktop_text_alignment=\u00a0\u00bbdefault\u00a0\u00bb tablet_text_alignment=\u00a0\u00bbdefault\u00a0\u00bb phone_text_alignment=\u00a0\u00bbdefault\u00a0\u00bb background_color_opacity=\u00a0\u00bb1&Prime; background_hover_color_opacity=\u00a0\u00bb1&Prime; column_backdrop_filter=\u00a0\u00bbnone\u00a0\u00bb column_shadow=\u00a0\u00bbnone\u00a0\u00bb column_border_radius=\u00a0\u00bbnone\u00a0\u00bb column_link_target=\u00a0\u00bb_self\u00a0\u00bb column_position=\u00a0\u00bbdefault\u00a0\u00bb gradient_direction=\u00a0\u00bbleft_to_right\u00a0\u00bb overlay_strength=\u00a0\u00bb0.3&Prime; width=\u00a0\u00bb1\/1&Prime; tablet_width_inherit=\u00a0\u00bbdefault\u00a0\u00bb animation_type=\u00a0\u00bbdefault\u00a0\u00bb bg_image_animation=\u00a0\u00bbnone\u00a0\u00bb border_type=\u00a0\u00bbsimple\u00a0\u00bb column_border_width=\u00a0\u00bbnone\u00a0\u00bb column_border_style=\u00a0\u00bbsolid\u00a0\u00bb][nectar_cta btn_style=\u00a0\u00bbarrow-animation\u00a0\u00bb heading_tag=\u00a0\u00bbspan\u00a0\u00bb button_color=\u00a0\u00bbdefault\u00a0\u00bb text_color=\u00a0\u00bb#ef1300&Prime; text_color_hover=\u00a0\u00bb#000000&Prime; button_border_thickness=\u00a0\u00bb0px\u00a0\u00bb link_type=\u00a0\u00bbregular\u00a0\u00bb alignment=\u00a0\u00bbleft\u00a0\u00bb alignment_tablet=\u00a0\u00bbdefault\u00a0\u00bb alignment_phone=\u00a0\u00bbdefault\u00a0\u00bb constrain_group_3=\u00a0\u00bbyes\u00a0\u00bb constrain_group_4=\u00a0\u00bbyes\u00a0\u00bb display=\u00a0\u00bbblock\u00a0\u00bb display_tablet=\u00a0\u00bbinherit\u00a0\u00bb display_phone=\u00a0\u00bbinherit\u00a0\u00bb link_text=\u00a0\u00bbNos engagements\u00a0\u00bb margin_right=\u00a0\u00bb1em\u00a0\u00bb font_size_tablet=\u00a0\u00bb14&Prime; url=\u00a0\u00bbhttps:\/\/www.groupeidec.com\/emplois-carriere\/nos-engagements\/\u00a0\u00bb][\/vc_column][\/vc_row]\n","protected":false},"excerpt":{"rendered":"<p>[vc_row type=\u00a0\u00bbin_container\u00a0\u00bb full_screen_row_position=\u00a0\u00bbmiddle\u00a0\u00bb column_margin=\u00a0\u00bbdefault\u00a0\u00bb column_direction=\u00a0\u00bbdefault\u00a0\u00bb column_direction_tablet=\u00a0\u00bbdefault\u00a0\u00bb column_direction_phone=\u00a0\u00bbdefault\u00a0\u00bb scene_position=\u00a0\u00bbcenter\u00a0\u00bb text_color=\u00a0\u00bbdark\u00a0\u00bb text_align=\u00a0\u00bbleft\u00a0\u00bb row_border_radius=\u00a0\u00bbnone\u00a0\u00bb row_border_radius_applies=\u00a0\u00bbbg\u00a0\u00bb overflow=\u00a0\u00bbvisible\u00a0\u00bb overlay_strength=\u00a0\u00bb0.3&Prime; gradient_direction=\u00a0\u00bbleft_to_right\u00a0\u00bb shape_divider_position=\u00a0\u00bbbottom\u00a0\u00bb bg_image_animation=\u00a0\u00bbnone\u00a0\u00bb][vc_column column_padding=\u00a0\u00bbno-extra-padding\u00a0\u00bb column_padding_tablet=\u00a0\u00bbinherit\u00a0\u00bb column_padding_phone=\u00a0\u00bbinherit\u00a0\u00bb column_padding_position=\u00a0\u00bball\u00a0\u00bb column_element_direction_desktop=\u00a0\u00bbdefault\u00a0\u00bb column_element_spacing=\u00a0\u00bbdefault\u00a0\u00bb desktop_text_alignment=\u00a0\u00bbdefault\u00a0\u00bb tablet_text_alignment=\u00a0\u00bbdefault\u00a0\u00bb phone_text_alignment=\u00a0\u00bbdefault\u00a0\u00bb background_color_opacity=\u00a0\u00bb1&Prime; background_hover_color_opacity=\u00a0\u00bb1&Prime; column_backdrop_filter=\u00a0\u00bbnone\u00a0\u00bb column_shadow=\u00a0\u00bbnone\u00a0\u00bb&#8230;<\/p>\n","protected":false},"author":2,"featured_media":396,"comment_status":"closed","ping_status":"closed","sticky":false,"template":"","format":"standard","meta":{"_seopress_robots_primary_cat":"10","_seopress_titles_title":"GROUPE IDEC engag\u00e9 contre la Scl\u00e9rose en Plaques","_seopress_titles_desc":"GROUPE IDEC engag\u00e9 contre la Scl\u00e9rose en Plaques avec un appel au don lanc\u00e9 par ses collaborateurs. En savoir +","_seopress_robots_index":"","footnotes":""},"categories":[10],"tags":[],"class_list":{"0":"post-173","1":"post","2":"type-post","3":"status-publish","4":"format-standard","5":"has-post-thumbnail","7":"category-engagement"},"_links":{"self":[{"href":"https:\/\/www.groupeidec.com\/emplois-carriere\/wp-json\/wp\/v2\/posts\/173","targetHints":{"allow":["GET"]}}],"collection":[{"href":"https:\/\/www.groupeidec.com\/emplois-carriere\/wp-json\/wp\/v2\/posts"}],"about":[{"href":"https:\/\/www.groupeidec.com\/emplois-carriere\/wp-json\/wp\/v2\/types\/post"}],"author":[{"embeddable":true,"href":"https:\/\/www.groupeidec.com\/emplois-carriere\/wp-json\/wp\/v2\/users\/2"}],"replies":[{"embeddable":true,"href":"https:\/\/www.groupeidec.com\/emplois-carriere\/wp-json\/wp\/v2\/comments?post=173"}],"version-history":[{"count":20,"href":"https:\/\/www.groupeidec.com\/emplois-carriere\/wp-json\/wp\/v2\/posts\/173\/revisions"}],"predecessor-version":[{"id":3060,"href":"https:\/\/www.groupeidec.com\/emplois-carriere\/wp-json\/wp\/v2\/posts\/173\/revisions\/3060"}],"wp:featuredmedia":[{"embeddable":true,"href":"https:\/\/www.groupeidec.com\/emplois-carriere\/wp-json\/wp\/v2\/media\/396"}],"wp:attachment":[{"href":"https:\/\/www.groupeidec.com\/emplois-carriere\/wp-json\/wp\/v2\/media?parent=173"}],"wp:term":[{"taxonomy":"category","embeddable":true,"href":"https:\/\/www.groupeidec.com\/emplois-carriere\/wp-json\/wp\/v2\/categories?post=173"},{"taxonomy":"post_tag","embeddable":true,"href":"https:\/\/www.groupeidec.com\/emplois-carriere\/wp-json\/wp\/v2\/tags?post=173"}],"curies":[{"name":"wp","href":"https:\/\/api.w.org\/{rel}","templated":true}]}}