{"id":568,"date":"2024-10-14T14:21:00","date_gmt":"2024-10-14T12:21:00","guid":{"rendered":"https:\/\/www.groupeidec.com\/emplois-carriere\/?p=568"},"modified":"2025-04-10T08:59:16","modified_gmt":"2025-04-10T06:59:16","slug":"journee-integration-nouveaux-collaborateurs-groupe-idec","status":"publish","type":"post","link":"https:\/\/www.groupeidec.com\/emplois-carriere\/journee-integration-nouveaux-collaborateurs-groupe-idec\/","title":{"rendered":"Une int\u00e9gration r\u00e9ussie pour les nouveaux collaborateurs du GROUPE IDEC !"},"content":{"rendered":"[vc_row type=\u00a0\u00bbin_container\u00a0\u00bb full_screen_row_position=\u00a0\u00bbmiddle\u00a0\u00bb column_margin=\u00a0\u00bbdefault\u00a0\u00bb column_direction=\u00a0\u00bbdefault\u00a0\u00bb column_direction_tablet=\u00a0\u00bbdefault\u00a0\u00bb column_direction_phone=\u00a0\u00bbdefault\u00a0\u00bb scene_position=\u00a0\u00bbcenter\u00a0\u00bb text_color=\u00a0\u00bbdark\u00a0\u00bb text_align=\u00a0\u00bbleft\u00a0\u00bb row_border_radius=\u00a0\u00bbnone\u00a0\u00bb row_border_radius_applies=\u00a0\u00bbbg\u00a0\u00bb overflow=\u00a0\u00bbvisible\u00a0\u00bb overlay_strength=\u00a0\u00bb0.3&Prime; gradient_direction=\u00a0\u00bbleft_to_right\u00a0\u00bb shape_divider_position=\u00a0\u00bbbottom\u00a0\u00bb bg_image_animation=\u00a0\u00bbnone\u00a0\u00bb][vc_column column_padding=\u00a0\u00bbno-extra-padding\u00a0\u00bb column_padding_tablet=\u00a0\u00bbinherit\u00a0\u00bb column_padding_phone=\u00a0\u00bbinherit\u00a0\u00bb column_padding_position=\u00a0\u00bball\u00a0\u00bb column_element_direction_desktop=\u00a0\u00bbdefault\u00a0\u00bb column_element_spacing=\u00a0\u00bbdefault\u00a0\u00bb desktop_text_alignment=\u00a0\u00bbdefault\u00a0\u00bb tablet_text_alignment=\u00a0\u00bbdefault\u00a0\u00bb phone_text_alignment=\u00a0\u00bbdefault\u00a0\u00bb background_color_opacity=\u00a0\u00bb1&Prime; background_hover_color_opacity=\u00a0\u00bb1&Prime; column_backdrop_filter=\u00a0\u00bbnone\u00a0\u00bb column_shadow=\u00a0\u00bbnone\u00a0\u00bb column_border_radius=\u00a0\u00bbnone\u00a0\u00bb column_link_target=\u00a0\u00bb_self\u00a0\u00bb column_position=\u00a0\u00bbdefault\u00a0\u00bb gradient_direction=\u00a0\u00bbleft_to_right\u00a0\u00bb overlay_strength=\u00a0\u00bb0.3&Prime; width=\u00a0\u00bb1\/1&Prime; tablet_width_inherit=\u00a0\u00bbdefault\u00a0\u00bb animation_type=\u00a0\u00bbdefault\u00a0\u00bb bg_image_animation=\u00a0\u00bbnone\u00a0\u00bb border_type=\u00a0\u00bbsimple\u00a0\u00bb column_border_width=\u00a0\u00bbnone\u00a0\u00bb column_border_style=\u00a0\u00bbsolid\u00a0\u00bb][vc_column_text css=\u00a0\u00bb\u00a0\u00bb text_direction=\u00a0\u00bbdefault\u00a0\u00bb]\r\n<h2 class=\"wp-block-heading\">Le GROUPE IDEC a accueilli ses nouveaux collaborateurs lors d\u2019une journ\u00e9e d\u2019int\u00e9gration immersive, m\u00ealant d\u00e9couverte, \u00e9changes, partage et passion.<\/h2>\r\n<p>&nbsp;<\/p>\r\n\r\n<h3 class=\"wp-block-heading\"><strong>Une journ\u00e9e immersive pour d\u00e9couvrir le GROUPE IDEC<\/strong><\/h3>\r\n\r\n<p>Il y a une semaine, le GROUPE IDEC a eu le plaisir d&rsquo;accueillir chaleureusement ses nouveaux collaborateurs lors d&rsquo;une journ\u00e9e d&rsquo;int\u00e9gration au <a href=\"https:\/\/www.comet-meetings.com\/lieux\/comet-ternes\" rel=\"nofollow\">Comet Ternes<\/a>, \u00e0 Paris. Un moment riche en d\u00e9couvertes, partages et \u00e9changes.<\/p>\r\n\r\n<p>Cette journ\u00e9e leur a permis de plonger au c\u0153ur de notre aventure collective et de d\u00e9couvrir nos valeurs ainsi que notre culture d\u2019entreprise. Ils ont \u00e9galement pu mieux comprendre l\u2019engagement du GROUPE IDEC \u00e0 travers l\u2019ensemble de la cha\u00eene de valeur de l\u2019immobilier : de l\u2019am\u00e9nagement \u00e0 la conception, en passant par la construction, la promotion, l\u2019investissement et le d\u00e9veloppement de solutions \u00e9nerg\u00e9tiques innovantes aussi bien en France qu\u2019\u00e0 l\u2019international.<\/p>\r\n[\/vc_column_text][vc_gallery css=\u00a0\u00bb\u00a0\u00bb type=\u00a0\u00bbimage_grid\u00a0\u00bb images=\u00a0\u00bb1632,1633,1634,1756&Prime; image_grid_loading=\u00a0\u00bbdefault\u00a0\u00bb layout=\u00a0\u00bbconstrained_fullwidth\u00a0\u00bb masonry_style=\u00a0\u00bbtrue\u00a0\u00bb item_spacing=\u00a0\u00bbdefault\u00a0\u00bb gallery_style=\u00a0\u00bb7&Prime; load_in_animation=\u00a0\u00bbnone\u00a0\u00bb][vc_column_text css=\u00a0\u00bb\u00a0\u00bb text_direction=\u00a0\u00bbdefault\u00a0\u00bb]\r\n<h3 class=\"wp-block-heading\"><strong>Des moments d\u2019\u00e9changes, de convivialit\u00e9 et de coh\u00e9sion<\/strong><\/h3>\r\n<p>\r\n\r\nLe d\u00e9jeuner a permis aux nouveaux arrivants de cr\u00e9er des liens et d\u2019\u00e9changer de mani\u00e8re conviviale. Ils se sont ressourc\u00e9s avant l\u2019activit\u00e9 phare de l\u2019apr\u00e8s-midi. Dans une ambiance m\u00ealant rires, esprit de comp\u00e9tition, cr\u00e9ativit\u00e9 et ing\u00e9niosit\u00e9, l\u2019activit\u00e9 de team building a renforc\u00e9 la coh\u00e9sion du groupe. Cette activit\u00e9 s\u2019est d\u00e9roul\u00e9e loin des environnements de travail habituels.<\/p>\r\n<h3><strong>L\u2019engagement collectif qui fait la diff\u00e9rence<\/strong><\/h3>\r\n<p>\r\n\r\nCette journ\u00e9e est un moment cl\u00e9 dans l\u2019int\u00e9gration de nos collaborateurs. Comme nous le r\u00e9p\u00e9tons souvent : recruter, c\u2019est bien, int\u00e9grer, c\u2019est mieux ! Un grand merci \u00e0 tous les intervenants et participants qui ont contribu\u00e9 au succ\u00e8s de cette journ\u00e9e d\u2019int\u00e9gration. Bienvenue \u00e0 bord\u00a0!<\/p>\r\n<p>\r\n\r\nComme nous aimons le dire : <a href=\"https:\/\/www.groupeidec.com\/emplois-carriere\/recruter-cest-bien-integrer-cest-mieux\/\">recruter, c\u2019est bien, mais int\u00e9grer, c\u2019est encore mieux !<\/a><\/p>\r\n[\/vc_column_text][vc_gallery css=\u00a0\u00bb\u00a0\u00bb type=\u00a0\u00bbimage_grid\u00a0\u00bb images=\u00a0\u00bb1636,1637,1638,1639,1640,1641,1758,1757&Prime; image_grid_loading=\u00a0\u00bbdefault\u00a0\u00bb layout=\u00a0\u00bbconstrained_fullwidth\u00a0\u00bb masonry_style=\u00a0\u00bbtrue\u00a0\u00bb item_spacing=\u00a0\u00bbdefault\u00a0\u00bb gallery_style=\u00a0\u00bb7&Prime; load_in_animation=\u00a0\u00bbnone\u00a0\u00bb][\/vc_column][\/vc_row][vc_row type=\u00a0\u00bbin_container\u00a0\u00bb full_screen_row_position=\u00a0\u00bbmiddle\u00a0\u00bb column_margin=\u00a0\u00bbdefault\u00a0\u00bb column_direction=\u00a0\u00bbdefault\u00a0\u00bb column_direction_tablet=\u00a0\u00bbdefault\u00a0\u00bb column_direction_phone=\u00a0\u00bbdefault\u00a0\u00bb scene_position=\u00a0\u00bbcenter\u00a0\u00bb text_color=\u00a0\u00bbdark\u00a0\u00bb text_align=\u00a0\u00bbleft\u00a0\u00bb row_border_radius=\u00a0\u00bbnone\u00a0\u00bb row_border_radius_applies=\u00a0\u00bbbg\u00a0\u00bb overflow=\u00a0\u00bbvisible\u00a0\u00bb overlay_strength=\u00a0\u00bb0.3&Prime; gradient_direction=\u00a0\u00bbleft_to_right\u00a0\u00bb shape_divider_position=\u00a0\u00bbbottom\u00a0\u00bb bg_image_animation=\u00a0\u00bbnone\u00a0\u00bb][vc_column column_padding=\u00a0\u00bbno-extra-padding\u00a0\u00bb column_padding_tablet=\u00a0\u00bbinherit\u00a0\u00bb column_padding_phone=\u00a0\u00bbinherit\u00a0\u00bb column_padding_position=\u00a0\u00bball\u00a0\u00bb column_element_direction_desktop=\u00a0\u00bbdefault\u00a0\u00bb column_element_spacing=\u00a0\u00bbdefault\u00a0\u00bb desktop_text_alignment=\u00a0\u00bbdefault\u00a0\u00bb tablet_text_alignment=\u00a0\u00bbdefault\u00a0\u00bb phone_text_alignment=\u00a0\u00bbdefault\u00a0\u00bb background_color_opacity=\u00a0\u00bb1&Prime; background_hover_color_opacity=\u00a0\u00bb1&Prime; column_backdrop_filter=\u00a0\u00bbnone\u00a0\u00bb column_shadow=\u00a0\u00bbnone\u00a0\u00bb column_border_radius=\u00a0\u00bbnone\u00a0\u00bb column_link_target=\u00a0\u00bb_self\u00a0\u00bb column_position=\u00a0\u00bbdefault\u00a0\u00bb gradient_direction=\u00a0\u00bbleft_to_right\u00a0\u00bb overlay_strength=\u00a0\u00bb0.3&Prime; width=\u00a0\u00bb1\/1&Prime; tablet_width_inherit=\u00a0\u00bbdefault\u00a0\u00bb animation_type=\u00a0\u00bbdefault\u00a0\u00bb bg_image_animation=\u00a0\u00bbnone\u00a0\u00bb border_type=\u00a0\u00bbsimple\u00a0\u00bb column_border_width=\u00a0\u00bbnone\u00a0\u00bb column_border_style=\u00a0\u00bbsolid\u00a0\u00bb][nectar_cta btn_style=\u00a0\u00bbarrow-animation\u00a0\u00bb heading_tag=\u00a0\u00bbspan\u00a0\u00bb button_color=\u00a0\u00bbdefault\u00a0\u00bb text_color=\u00a0\u00bb#ef1300&Prime; text_color_hover=\u00a0\u00bb#000000&Prime; button_border_thickness=\u00a0\u00bb0px\u00a0\u00bb link_type=\u00a0\u00bbregular\u00a0\u00bb alignment=\u00a0\u00bbleft\u00a0\u00bb alignment_tablet=\u00a0\u00bbdefault\u00a0\u00bb alignment_phone=\u00a0\u00bbdefault\u00a0\u00bb constrain_group_3=\u00a0\u00bbyes\u00a0\u00bb constrain_group_4=\u00a0\u00bbyes\u00a0\u00bb display=\u00a0\u00bbblock\u00a0\u00bb display_tablet=\u00a0\u00bbinherit\u00a0\u00bb display_phone=\u00a0\u00bbinherit\u00a0\u00bb link_text=\u00a0\u00bbVivez une carri\u00e8re pleine de vies !\u00a0\u00bb margin_right=\u00a0\u00bb1em\u00a0\u00bb font_size_tablet=\u00a0\u00bb14&Prime; url=\u00a0\u00bbhttps:\/\/www.groupeidec.com\/emplois-carriere\/une-carriere-pleine-de-vies\/\u00a0\u00bb][\/vc_column][\/vc_row]","protected":false},"excerpt":{"rendered":"<p>[vc_row type=\u00a0\u00bbin_container\u00a0\u00bb full_screen_row_position=\u00a0\u00bbmiddle\u00a0\u00bb column_margin=\u00a0\u00bbdefault\u00a0\u00bb column_direction=\u00a0\u00bbdefault\u00a0\u00bb column_direction_tablet=\u00a0\u00bbdefault\u00a0\u00bb column_direction_phone=\u00a0\u00bbdefault\u00a0\u00bb scene_position=\u00a0\u00bbcenter\u00a0\u00bb text_color=\u00a0\u00bbdark\u00a0\u00bb text_align=\u00a0\u00bbleft\u00a0\u00bb row_border_radius=\u00a0\u00bbnone\u00a0\u00bb row_border_radius_applies=\u00a0\u00bbbg\u00a0\u00bb overflow=\u00a0\u00bbvisible\u00a0\u00bb overlay_strength=\u00a0\u00bb0.3&Prime; gradient_direction=\u00a0\u00bbleft_to_right\u00a0\u00bb shape_divider_position=\u00a0\u00bbbottom\u00a0\u00bb bg_image_animation=\u00a0\u00bbnone\u00a0\u00bb][vc_column column_padding=\u00a0\u00bbno-extra-padding\u00a0\u00bb column_padding_tablet=\u00a0\u00bbinherit\u00a0\u00bb column_padding_phone=\u00a0\u00bbinherit\u00a0\u00bb column_padding_position=\u00a0\u00bball\u00a0\u00bb column_element_direction_desktop=\u00a0\u00bbdefault\u00a0\u00bb column_element_spacing=\u00a0\u00bbdefault\u00a0\u00bb desktop_text_alignment=\u00a0\u00bbdefault\u00a0\u00bb tablet_text_alignment=\u00a0\u00bbdefault\u00a0\u00bb phone_text_alignment=\u00a0\u00bbdefault\u00a0\u00bb background_color_opacity=\u00a0\u00bb1&Prime; background_hover_color_opacity=\u00a0\u00bb1&Prime; column_backdrop_filter=\u00a0\u00bbnone\u00a0\u00bb column_shadow=\u00a0\u00bbnone\u00a0\u00bb&#8230;<\/p>\n","protected":false},"author":2,"featured_media":1651,"comment_status":"closed","ping_status":"closed","sticky":false,"template":"","format":"standard","meta":{"_seopress_robots_primary_cat":"10","_seopress_titles_title":"Int\u00e9gration r\u00e9ussie pour les nouveaux talents du GROUPE IDEC","_seopress_titles_desc":"Le GROUPE IDEC a accueilli ses nouveaux collaborateurs lors d'une journ\u00e9e d'int\u00e9gration immersive. Un moment f\u00e9d\u00e9rateur et de partage.","_seopress_robots_index":"","footnotes":""},"categories":[10,13],"tags":[],"class_list":{"0":"post-568","1":"post","2":"type-post","3":"status-publish","4":"format-standard","5":"has-post-thumbnail","7":"category-engagement","8":"category-evenement"},"_links":{"self":[{"href":"https:\/\/www.groupeidec.com\/emplois-carriere\/wp-json\/wp\/v2\/posts\/568","targetHints":{"allow":["GET"]}}],"collection":[{"href":"https:\/\/www.groupeidec.com\/emplois-carriere\/wp-json\/wp\/v2\/posts"}],"about":[{"href":"https:\/\/www.groupeidec.com\/emplois-carriere\/wp-json\/wp\/v2\/types\/post"}],"author":[{"embeddable":true,"href":"https:\/\/www.groupeidec.com\/emplois-carriere\/wp-json\/wp\/v2\/users\/2"}],"replies":[{"embeddable":true,"href":"https:\/\/www.groupeidec.com\/emplois-carriere\/wp-json\/wp\/v2\/comments?post=568"}],"version-history":[{"count":24,"href":"https:\/\/www.groupeidec.com\/emplois-carriere\/wp-json\/wp\/v2\/posts\/568\/revisions"}],"predecessor-version":[{"id":2671,"href":"https:\/\/www.groupeidec.com\/emplois-carriere\/wp-json\/wp\/v2\/posts\/568\/revisions\/2671"}],"wp:featuredmedia":[{"embeddable":true,"href":"https:\/\/www.groupeidec.com\/emplois-carriere\/wp-json\/wp\/v2\/media\/1651"}],"wp:attachment":[{"href":"https:\/\/www.groupeidec.com\/emplois-carriere\/wp-json\/wp\/v2\/media?parent=568"}],"wp:term":[{"taxonomy":"category","embeddable":true,"href":"https:\/\/www.groupeidec.com\/emplois-carriere\/wp-json\/wp\/v2\/categories?post=568"},{"taxonomy":"post_tag","embeddable":true,"href":"https:\/\/www.groupeidec.com\/emplois-carriere\/wp-json\/wp\/v2\/tags?post=568"}],"curies":[{"name":"wp","href":"https:\/\/api.w.org\/{rel}","templated":true}]}}