{"id":636,"date":"2024-11-27T14:53:00","date_gmt":"2024-11-27T13:53:00","guid":{"rendered":"https:\/\/www.groupeidec.com\/emplois-carriere\/?p=636"},"modified":"2025-04-10T08:54:58","modified_gmt":"2025-04-10T06:54:58","slug":"seeph-2024-engagement-groupe-idec","status":"publish","type":"post","link":"https:\/\/www.groupeidec.com\/emplois-carriere\/seeph-2024-engagement-groupe-idec\/","title":{"rendered":"#SEEPH2024 : Une Semaine d&rsquo;engagement pour l&rsquo;Inclusion au sein du GROUPE IDEC"},"content":{"rendered":"[vc_row type=\u00a0\u00bbin_container\u00a0\u00bb full_screen_row_position=\u00a0\u00bbmiddle\u00a0\u00bb column_margin=\u00a0\u00bbdefault\u00a0\u00bb column_direction=\u00a0\u00bbdefault\u00a0\u00bb column_direction_tablet=\u00a0\u00bbdefault\u00a0\u00bb column_direction_phone=\u00a0\u00bbdefault\u00a0\u00bb scene_position=\u00a0\u00bbcenter\u00a0\u00bb text_color=\u00a0\u00bbdark\u00a0\u00bb text_align=\u00a0\u00bbleft\u00a0\u00bb row_border_radius=\u00a0\u00bbnone\u00a0\u00bb row_border_radius_applies=\u00a0\u00bbbg\u00a0\u00bb overflow=\u00a0\u00bbvisible\u00a0\u00bb overlay_strength=\u00a0\u00bb0.3&Prime; gradient_direction=\u00a0\u00bbleft_to_right\u00a0\u00bb shape_divider_position=\u00a0\u00bbbottom\u00a0\u00bb bg_image_animation=\u00a0\u00bbnone\u00a0\u00bb][vc_column column_padding=\u00a0\u00bbno-extra-padding\u00a0\u00bb column_padding_tablet=\u00a0\u00bbinherit\u00a0\u00bb column_padding_phone=\u00a0\u00bbinherit\u00a0\u00bb column_padding_position=\u00a0\u00bball\u00a0\u00bb column_element_direction_desktop=\u00a0\u00bbdefault\u00a0\u00bb column_element_spacing=\u00a0\u00bbdefault\u00a0\u00bb desktop_text_alignment=\u00a0\u00bbdefault\u00a0\u00bb tablet_text_alignment=\u00a0\u00bbdefault\u00a0\u00bb phone_text_alignment=\u00a0\u00bbdefault\u00a0\u00bb background_color_opacity=\u00a0\u00bb1&Prime; background_hover_color_opacity=\u00a0\u00bb1&Prime; column_backdrop_filter=\u00a0\u00bbnone\u00a0\u00bb column_shadow=\u00a0\u00bbnone\u00a0\u00bb column_border_radius=\u00a0\u00bbnone\u00a0\u00bb column_link_target=\u00a0\u00bb_self\u00a0\u00bb column_position=\u00a0\u00bbdefault\u00a0\u00bb gradient_direction=\u00a0\u00bbleft_to_right\u00a0\u00bb overlay_strength=\u00a0\u00bb0.3&Prime; width=\u00a0\u00bb1\/1&Prime; tablet_width_inherit=\u00a0\u00bbdefault\u00a0\u00bb animation_type=\u00a0\u00bbdefault\u00a0\u00bb bg_image_animation=\u00a0\u00bbnone\u00a0\u00bb border_type=\u00a0\u00bbsimple\u00a0\u00bb column_border_width=\u00a0\u00bbnone\u00a0\u00bb column_border_style=\u00a0\u00bbsolid\u00a0\u00bb][vc_column_text css=\u00a0\u00bb\u00a0\u00bb text_direction=\u00a0\u00bbdefault\u00a0\u00bb]\n<h2>Le GROUPE IDEC a renforc\u00e9 ses actions en faveur de l\u2019inclusion \u00e0 travers des ateliers de sensibilisation lors de la Semaine Europ\u00e9enne pour l\u2019Emploi des Personnes Handicap\u00e9es 2024.<\/h2>\n<p>&nbsp;<\/p>\n<h3><strong>Sensibilisation et d\u00e9construction des id\u00e9es re\u00e7ues<\/strong><\/h3>\n<p>Le GROUPE IDEC a organis\u00e9 un atelier de sensibilisation avec le soutien du cabinet RH &amp; QVCT\u00a0Groupe JLO. Les collaborateurs de la filiale DB ont particip\u00e9 activement \u00e0 cette initiative. Cet atelier a permis de d\u00e9construire les st\u00e9r\u00e9otypes sur le handicap et d\u2019encourager une culture d\u2019entreprise inclusive.<\/p>\n<h3><strong>Immersion professionnelle avec DuoDay<\/strong><\/h3>\n<p>Lors de la journ\u00e9e\u00a0<a href=\"https:\/\/www.duoday.fr\/\" rel=\"nofollow\">DuoDay<\/a>, nous avons accueilli une dizaine de personnes en situation de handicap sur plusieurs de nos sites en France. Accompagn\u00e9es par nos collaborateurs volontaires, elles ont d\u00e9couvert nos m\u00e9tiers de l\u2019int\u00e9rieur. Ces rencontres ont \u00e9t\u00e9 enrichissantes pour tous et ont renforc\u00e9 notre engagement en faveur de l\u2019inclusion.[\/vc_column_text][divider line_type=\u00a0\u00bbNo Line\u00a0\u00bb][vc_gallery css=\u00a0\u00bb\u00a0\u00bb type=\u00a0\u00bbimage_grid\u00a0\u00bb images=\u00a0\u00bb638,637,640,641&Prime; image_grid_loading=\u00a0\u00bbdefault\u00a0\u00bb layout=\u00a0\u00bbconstrained_fullwidth\u00a0\u00bb masonry_style=\u00a0\u00bbtrue\u00a0\u00bb item_spacing=\u00a0\u00bbdefault\u00a0\u00bb gallery_style=\u00a0\u00bb7&Prime; load_in_animation=\u00a0\u00bbnone\u00a0\u00bb][divider line_type=\u00a0\u00bbNo Line\u00a0\u00bb][vc_column_text css=\u00a0\u00bb\u00a0\u00bb text_direction=\u00a0\u00bbdefault\u00a0\u00bb]\n<h3><strong>Apprendre de mani\u00e8re ludique avec Handipoursuite<\/strong><\/h3>\n<p>Nos \u00e9quipes ont particip\u00e9 \u00e0 Handipoursuite, un jeu p\u00e9dagogique propos\u00e9 par l\u2019<a href=\"https:\/\/www.agefiph.fr\/\" rel=\"nofollow\">AGEFIPH<\/a>. Cette activit\u00e9 ludo-\u00e9ducative a permis d\u2019approfondir nos connaissances sur le handicap au travail. En favorisant un apprentissage interactif, nous avons renforc\u00e9 notre sensibilit\u00e9 aux enjeux de l\u2019inclusion.<\/p>\n<h3><strong>Un engagement durable pour le futur<\/strong><\/h3>\n<p>Nous sommes convaincus qu\u2019un environnement inclusif est un levier essentiel pour le progr\u00e8s collectif. Ga\u00eblle, Responsable Administratif RH et R\u00e9f\u00e9rente Handicap au sein du GROUPE IDEC, souligne l\u2019importance de ces initiatives et remercie tous les participants.<\/p>\n<p>Le GROUPE IDEC reste mobilis\u00e9 pour promouvoir la diversit\u00e9 et agir en faveur d\u2019une entreprise toujours plus inclusive. Ensemble, nous sommes #ActivateursDeProgr\u00e8s !<\/p>\n<h3><strong>Nous sommes des activateurs de progr\u00e8s !<\/strong><\/h3>\n<p>Depuis 1987, l\u2019AGEFIPH favorise l\u2019emploi et la pr\u00e9servation des postes de travail des individus en situation de handicap au sein des entreprises du secteur priv\u00e9. Forte de son expertise, l\u2019association a lanc\u00e9 en 2020 son projet \u00ab\u00a0Activateur de progr\u00e8s\u00a0\u00bb, qui rassemble aujourd\u2019hui plus de 12 000 entreprises \u00e0 l\u2019\u00e9chelle nationale.<\/p>\n<p>Cette communaut\u00e9 d\u2019entreprises \u0153uvre pour les personnes handicap\u00e9es dans le milieu professionnel. \u00catre activateur de progr\u00e8s, c\u2019est agir de fa\u00e7on concr\u00e8te pour associer emploi et handicap, et faire progresser cette id\u00e9e tous les jours avec des actes petits ou grands.[\/vc_column_text][\/vc_column][\/vc_row][vc_row type=\u00a0\u00bbin_container\u00a0\u00bb full_screen_row_position=\u00a0\u00bbmiddle\u00a0\u00bb column_margin=\u00a0\u00bbdefault\u00a0\u00bb column_direction=\u00a0\u00bbdefault\u00a0\u00bb column_direction_tablet=\u00a0\u00bbdefault\u00a0\u00bb column_direction_phone=\u00a0\u00bbdefault\u00a0\u00bb scene_position=\u00a0\u00bbcenter\u00a0\u00bb text_color=\u00a0\u00bbdark\u00a0\u00bb text_align=\u00a0\u00bbleft\u00a0\u00bb row_border_radius=\u00a0\u00bbnone\u00a0\u00bb row_border_radius_applies=\u00a0\u00bbbg\u00a0\u00bb overflow=\u00a0\u00bbvisible\u00a0\u00bb overlay_strength=\u00a0\u00bb0.3&Prime; gradient_direction=\u00a0\u00bbleft_to_right\u00a0\u00bb shape_divider_position=\u00a0\u00bbbottom\u00a0\u00bb bg_image_animation=\u00a0\u00bbnone\u00a0\u00bb][vc_column column_padding=\u00a0\u00bbno-extra-padding\u00a0\u00bb column_padding_tablet=\u00a0\u00bbinherit\u00a0\u00bb column_padding_phone=\u00a0\u00bbinherit\u00a0\u00bb column_padding_position=\u00a0\u00bball\u00a0\u00bb column_element_direction_desktop=\u00a0\u00bbdefault\u00a0\u00bb column_element_spacing=\u00a0\u00bbdefault\u00a0\u00bb desktop_text_alignment=\u00a0\u00bbdefault\u00a0\u00bb tablet_text_alignment=\u00a0\u00bbdefault\u00a0\u00bb phone_text_alignment=\u00a0\u00bbdefault\u00a0\u00bb background_color_opacity=\u00a0\u00bb1&Prime; background_hover_color_opacity=\u00a0\u00bb1&Prime; column_backdrop_filter=\u00a0\u00bbnone\u00a0\u00bb column_shadow=\u00a0\u00bbnone\u00a0\u00bb column_border_radius=\u00a0\u00bbnone\u00a0\u00bb column_link_target=\u00a0\u00bb_self\u00a0\u00bb column_position=\u00a0\u00bbdefault\u00a0\u00bb gradient_direction=\u00a0\u00bbleft_to_right\u00a0\u00bb overlay_strength=\u00a0\u00bb0.3&Prime; width=\u00a0\u00bb1\/1&Prime; tablet_width_inherit=\u00a0\u00bbdefault\u00a0\u00bb animation_type=\u00a0\u00bbdefault\u00a0\u00bb bg_image_animation=\u00a0\u00bbnone\u00a0\u00bb border_type=\u00a0\u00bbsimple\u00a0\u00bb column_border_width=\u00a0\u00bbnone\u00a0\u00bb column_border_style=\u00a0\u00bbsolid\u00a0\u00bb][nectar_cta btn_style=\u00a0\u00bbarrow-animation\u00a0\u00bb heading_tag=\u00a0\u00bbspan\u00a0\u00bb button_color=\u00a0\u00bbdefault\u00a0\u00bb text_color=\u00a0\u00bb#ef1300&Prime; text_color_hover=\u00a0\u00bb#000000&Prime; button_border_thickness=\u00a0\u00bb0px\u00a0\u00bb link_type=\u00a0\u00bbregular\u00a0\u00bb alignment=\u00a0\u00bbleft\u00a0\u00bb alignment_tablet=\u00a0\u00bbdefault\u00a0\u00bb alignment_phone=\u00a0\u00bbdefault\u00a0\u00bb constrain_group_3=\u00a0\u00bbyes\u00a0\u00bb constrain_group_4=\u00a0\u00bbyes\u00a0\u00bb display=\u00a0\u00bbblock\u00a0\u00bb display_tablet=\u00a0\u00bbinherit\u00a0\u00bb display_phone=\u00a0\u00bbinherit\u00a0\u00bb link_text=\u00a0\u00bbNos engagements\u00a0\u00bb margin_right=\u00a0\u00bb1em\u00a0\u00bb font_size_tablet=\u00a0\u00bb14&Prime; url=\u00a0\u00bbhttps:\/\/www.groupeidec.com\/emplois-carriere\/nos-engagements\/\u00a0\u00bb][\/vc_column][\/vc_row]\n","protected":false},"excerpt":{"rendered":"<p>[vc_row type=\u00a0\u00bbin_container\u00a0\u00bb full_screen_row_position=\u00a0\u00bbmiddle\u00a0\u00bb column_margin=\u00a0\u00bbdefault\u00a0\u00bb column_direction=\u00a0\u00bbdefault\u00a0\u00bb column_direction_tablet=\u00a0\u00bbdefault\u00a0\u00bb column_direction_phone=\u00a0\u00bbdefault\u00a0\u00bb scene_position=\u00a0\u00bbcenter\u00a0\u00bb text_color=\u00a0\u00bbdark\u00a0\u00bb text_align=\u00a0\u00bbleft\u00a0\u00bb row_border_radius=\u00a0\u00bbnone\u00a0\u00bb row_border_radius_applies=\u00a0\u00bbbg\u00a0\u00bb overflow=\u00a0\u00bbvisible\u00a0\u00bb overlay_strength=\u00a0\u00bb0.3&Prime; gradient_direction=\u00a0\u00bbleft_to_right\u00a0\u00bb shape_divider_position=\u00a0\u00bbbottom\u00a0\u00bb bg_image_animation=\u00a0\u00bbnone\u00a0\u00bb][vc_column column_padding=\u00a0\u00bbno-extra-padding\u00a0\u00bb column_padding_tablet=\u00a0\u00bbinherit\u00a0\u00bb column_padding_phone=\u00a0\u00bbinherit\u00a0\u00bb column_padding_position=\u00a0\u00bball\u00a0\u00bb column_element_direction_desktop=\u00a0\u00bbdefault\u00a0\u00bb column_element_spacing=\u00a0\u00bbdefault\u00a0\u00bb desktop_text_alignment=\u00a0\u00bbdefault\u00a0\u00bb tablet_text_alignment=\u00a0\u00bbdefault\u00a0\u00bb phone_text_alignment=\u00a0\u00bbdefault\u00a0\u00bb background_color_opacity=\u00a0\u00bb1&Prime; background_hover_color_opacity=\u00a0\u00bb1&Prime; column_backdrop_filter=\u00a0\u00bbnone\u00a0\u00bb column_shadow=\u00a0\u00bbnone\u00a0\u00bb&#8230;<\/p>\n","protected":false},"author":2,"featured_media":652,"comment_status":"closed","ping_status":"closed","sticky":false,"template":"","format":"standard","meta":{"_seopress_robots_primary_cat":"10","_seopress_titles_title":"SEEPH 2024 : Une Semaine d'engagement pour le GROUPE IDEC","_seopress_titles_desc":"D\u00e9couvrez les actions du GROUPE IDEC lors de la SEEPH 2024 pour favoriser l'inclusion des personnes en situation de handicap au travail.","_seopress_robots_index":"","footnotes":""},"categories":[10,13],"tags":[],"class_list":{"0":"post-636","1":"post","2":"type-post","3":"status-publish","4":"format-standard","5":"has-post-thumbnail","7":"category-engagement","8":"category-evenement"},"_links":{"self":[{"href":"https:\/\/www.groupeidec.com\/emplois-carriere\/wp-json\/wp\/v2\/posts\/636","targetHints":{"allow":["GET"]}}],"collection":[{"href":"https:\/\/www.groupeidec.com\/emplois-carriere\/wp-json\/wp\/v2\/posts"}],"about":[{"href":"https:\/\/www.groupeidec.com\/emplois-carriere\/wp-json\/wp\/v2\/types\/post"}],"author":[{"embeddable":true,"href":"https:\/\/www.groupeidec.com\/emplois-carriere\/wp-json\/wp\/v2\/users\/2"}],"replies":[{"embeddable":true,"href":"https:\/\/www.groupeidec.com\/emplois-carriere\/wp-json\/wp\/v2\/comments?post=636"}],"version-history":[{"count":14,"href":"https:\/\/www.groupeidec.com\/emplois-carriere\/wp-json\/wp\/v2\/posts\/636\/revisions"}],"predecessor-version":[{"id":1780,"href":"https:\/\/www.groupeidec.com\/emplois-carriere\/wp-json\/wp\/v2\/posts\/636\/revisions\/1780"}],"wp:featuredmedia":[{"embeddable":true,"href":"https:\/\/www.groupeidec.com\/emplois-carriere\/wp-json\/wp\/v2\/media\/652"}],"wp:attachment":[{"href":"https:\/\/www.groupeidec.com\/emplois-carriere\/wp-json\/wp\/v2\/media?parent=636"}],"wp:term":[{"taxonomy":"category","embeddable":true,"href":"https:\/\/www.groupeidec.com\/emplois-carriere\/wp-json\/wp\/v2\/categories?post=636"},{"taxonomy":"post_tag","embeddable":true,"href":"https:\/\/www.groupeidec.com\/emplois-carriere\/wp-json\/wp\/v2\/tags?post=636"}],"curies":[{"name":"wp","href":"https:\/\/api.w.org\/{rel}","templated":true}]}}