{"id":761,"date":"2024-02-16T15:33:00","date_gmt":"2024-02-16T14:33:00","guid":{"rendered":"https:\/\/www.groupeidec.com\/emplois-carriere\/?p=761"},"modified":"2025-04-15T08:47:07","modified_gmt":"2025-04-15T06:47:07","slug":"concours-idefi-2025-projets-etudiants-avenir-de-lindustrie","status":"publish","type":"post","link":"https:\/\/www.groupeidec.com\/emplois-carriere\/concours-idefi-2025-projets-etudiants-avenir-de-lindustrie\/","title":{"rendered":"Concours IDEFI 2024 : des projets \u00e9tudiants qui fa\u00e7onnent l&rsquo;avenir de l&rsquo;industrie"},"content":{"rendered":"[vc_row type=\u00a0\u00bbin_container\u00a0\u00bb full_screen_row_position=\u00a0\u00bbmiddle\u00a0\u00bb column_margin=\u00a0\u00bbdefault\u00a0\u00bb column_direction=\u00a0\u00bbdefault\u00a0\u00bb column_direction_tablet=\u00a0\u00bbdefault\u00a0\u00bb column_direction_phone=\u00a0\u00bbdefault\u00a0\u00bb scene_position=\u00a0\u00bbcenter\u00a0\u00bb text_color=\u00a0\u00bbdark\u00a0\u00bb text_align=\u00a0\u00bbleft\u00a0\u00bb row_border_radius=\u00a0\u00bbnone\u00a0\u00bb row_border_radius_applies=\u00a0\u00bbbg\u00a0\u00bb overflow=\u00a0\u00bbvisible\u00a0\u00bb overlay_strength=\u00a0\u00bb0.3&Prime; gradient_direction=\u00a0\u00bbleft_to_right\u00a0\u00bb shape_divider_position=\u00a0\u00bbbottom\u00a0\u00bb bg_image_animation=\u00a0\u00bbnone\u00a0\u00bb][vc_column column_padding=\u00a0\u00bbno-extra-padding\u00a0\u00bb column_padding_tablet=\u00a0\u00bbinherit\u00a0\u00bb column_padding_phone=\u00a0\u00bbinherit\u00a0\u00bb column_padding_position=\u00a0\u00bball\u00a0\u00bb column_element_direction_desktop=\u00a0\u00bbdefault\u00a0\u00bb column_element_spacing=\u00a0\u00bbdefault\u00a0\u00bb desktop_text_alignment=\u00a0\u00bbdefault\u00a0\u00bb tablet_text_alignment=\u00a0\u00bbdefault\u00a0\u00bb phone_text_alignment=\u00a0\u00bbdefault\u00a0\u00bb background_color_opacity=\u00a0\u00bb1&Prime; background_hover_color_opacity=\u00a0\u00bb1&Prime; column_backdrop_filter=\u00a0\u00bbnone\u00a0\u00bb column_shadow=\u00a0\u00bbnone\u00a0\u00bb column_border_radius=\u00a0\u00bbnone\u00a0\u00bb column_link_target=\u00a0\u00bb_self\u00a0\u00bb column_position=\u00a0\u00bbdefault\u00a0\u00bb gradient_direction=\u00a0\u00bbleft_to_right\u00a0\u00bb overlay_strength=\u00a0\u00bb0.3&Prime; width=\u00a0\u00bb1\/1&Prime; tablet_width_inherit=\u00a0\u00bbdefault\u00a0\u00bb animation_type=\u00a0\u00bbdefault\u00a0\u00bb bg_image_animation=\u00a0\u00bbnone\u00a0\u00bb border_type=\u00a0\u00bbsimple\u00a0\u00bb column_border_width=\u00a0\u00bbnone\u00a0\u00bb column_border_style=\u00a0\u00bbsolid\u00a0\u00bb][vc_column_text css=\u00a0\u00bb\u00a0\u00bb text_direction=\u00a0\u00bbdefault\u00a0\u00bb]\n<h2>La journ\u00e9e de cl\u00f4ture du concours IDEFI by GROUPE IDEC a mis en lumi\u00e8re la cr\u00e9ativit\u00e9 et l\u2019engagement des \u00e9tudiants du Lyc\u00e9e des m\u00e9tiers Gaudier-Brzeska. Cet \u00e9v\u00e9nement a c\u00e9l\u00e9br\u00e9 l\u2019innovation, avec des projets prometteurs et des laur\u00e9ats salu\u00e9s par un jury d\u2019experts.<\/h2>\n<p>&nbsp;<\/p>\n<h3><strong>Un \u00e9v\u00e9nement marquant pour l\u2019avenir de la jeunesse et de l\u2019entreprise<\/strong><\/h3>\n<p>La journ\u00e9e de cl\u00f4ture du concours IDEFI, organis\u00e9 par le GROUPE IDEC en partenariat avec le\u00a0<a href=\"https:\/\/www.lyceegaudier.com\/\" rel=\"nofollow\">Lyc\u00e9e des m\u00e9tiers Gaudier-Brzeska<\/a>, a \u00e9t\u00e9 un moment d\u00e9cisif pour les \u00e9tudiants. Ce concours a mis en lumi\u00e8re leur cr\u00e9ativit\u00e9 et leur engagement. Il a permis de r\u00e9unir l\u2019\u00e9ducation et l\u2019industrie dans un cadre stimulant.<\/p>\n<h3><strong>Les \u00e9tudiants \u00e0 l\u2019honneur<\/strong><\/h3>\n<p>Apr\u00e8s une ann\u00e9e d\u2019efforts intenses, de recherches et d\u2019innovations, les \u00e9tudiants ont pr\u00e9sent\u00e9 le fruit de leur travail. Cette journ\u00e9e \u00e9tait l\u2019aboutissement de plusieurs mois de pr\u00e9paration. Ils ont pu d\u00e9fendre leurs projets devant un jury compos\u00e9 de professionnels et d\u2019experts. Leur pr\u00e9sentation a \u00e9t\u00e9 un v\u00e9ritable tour de force, refl\u00e9tant leur d\u00e9termination et leur passion.<\/p>\n<h3><strong>Une comp\u00e9tition pleine de promesses<\/strong><\/h3>\n<p>La deuxi\u00e8me \u00e9dition du concours IDEFI by GROUPE IDEC a tenu ses promesses en rassemblant des projets novateurs. L\u2019\u00e9v\u00e9nement a permis de mettre en avant des talents prometteurs dans un contexte de collaboration entre \u00e9coles et entreprises. Les participants ont montr\u00e9 qu\u2019ils \u00e9taient pr\u00eats \u00e0 relever les d\u00e9fis de demain.[\/vc_column_text][divider line_type=\u00a0\u00bbNo Line\u00a0\u00bb][vc_gallery css=\u00a0\u00bb\u00a0\u00bb type=\u00a0\u00bbimage_grid\u00a0\u00bb images=\u00a0\u00bb762,764&Prime; image_grid_loading=\u00a0\u00bbdefault\u00a0\u00bb layout=\u00a0\u00bb2&Prime; masonry_style=\u00a0\u00bbtrue\u00a0\u00bb item_spacing=\u00a0\u00bbdefault\u00a0\u00bb gallery_style=\u00a0\u00bb7&Prime; load_in_animation=\u00a0\u00bbnone\u00a0\u00bb][divider line_type=\u00a0\u00bbNo Line\u00a0\u00bb][vc_column_text css=\u00a0\u00bb\u00a0\u00bb text_direction=\u00a0\u00bbdefault\u00a0\u00bb]\n<h3><strong>Les laur\u00e9ats r\u00e9compens\u00e9s<\/strong><\/h3>\n<p>Cette journ\u00e9e de cl\u00f4ture a \u00e9galement \u00e9t\u00e9 l\u2019occasion de f\u00e9liciter les laur\u00e9ats du concours. Leurs id\u00e9es originales et leur travail acharn\u00e9 ont \u00e9t\u00e9 salu\u00e9s par le jury et les organisateurs. F\u00e9licitations \u00e0 tous les participants pour leur cr\u00e9ativit\u00e9 et leur engagement sans faille.<\/p>\n<h3><strong>Un avenir prometteur<\/strong><\/h3>\n<p>Le concours IDEFI est un excellent exemple de la mani\u00e8re dont les \u00e9coles et les entreprises peuvent collaborer pour faire \u00e9merger des talents. Les \u00e9tudiants ont d\u00e9montr\u00e9 qu\u2019ils sont pr\u00eats \u00e0 contribuer activement \u00e0 l\u2019avenir de l\u2019industrie, en apportant des solutions novatrices.<\/p>\n<p>Ce concours renforce le lien entre le monde \u00e9ducatif et celui des entreprises, un partenariat essentiel pour l\u2019innovation.[\/vc_column_text][divider line_type=\u00a0\u00bbNo Line\u00a0\u00bb][vc_column_text css=\u00a0\u00bb\u00a0\u00bb text_direction=\u00a0\u00bbdefault\u00a0\u00bb]\n<p><iframe loading=\"lazy\" title=\"Concours \u00e9tudiant IDEFI by GROUPE IDEC, o\u00f9 l&#039;avenir rencontre la cr\u00e9ativit\u00e9 \u00e9tudiante !\" width=\"1080\" height=\"608\" src=\"https:\/\/www.youtube.com\/embed\/mr1KJTCCi_Y?feature=oembed\" frameborder=\"0\" allow=\"accelerometer; autoplay; clipboard-write; encrypted-media; gyroscope; picture-in-picture; web-share\" referrerpolicy=\"strict-origin-when-cross-origin\" allowfullscreen><\/iframe><\/p>\n[\/vc_column_text][\/vc_column][\/vc_row][vc_row type=\u00a0\u00bbin_container\u00a0\u00bb full_screen_row_position=\u00a0\u00bbmiddle\u00a0\u00bb column_margin=\u00a0\u00bbdefault\u00a0\u00bb column_direction=\u00a0\u00bbdefault\u00a0\u00bb column_direction_tablet=\u00a0\u00bbdefault\u00a0\u00bb column_direction_phone=\u00a0\u00bbdefault\u00a0\u00bb scene_position=\u00a0\u00bbcenter\u00a0\u00bb text_color=\u00a0\u00bbdark\u00a0\u00bb text_align=\u00a0\u00bbleft\u00a0\u00bb row_border_radius=\u00a0\u00bbnone\u00a0\u00bb row_border_radius_applies=\u00a0\u00bbbg\u00a0\u00bb overflow=\u00a0\u00bbvisible\u00a0\u00bb overlay_strength=\u00a0\u00bb0.3&Prime; gradient_direction=\u00a0\u00bbleft_to_right\u00a0\u00bb shape_divider_position=\u00a0\u00bbbottom\u00a0\u00bb bg_image_animation=\u00a0\u00bbnone\u00a0\u00bb][vc_column column_padding=\u00a0\u00bbno-extra-padding\u00a0\u00bb column_padding_tablet=\u00a0\u00bbinherit\u00a0\u00bb column_padding_phone=\u00a0\u00bbinherit\u00a0\u00bb column_padding_position=\u00a0\u00bball\u00a0\u00bb column_element_direction_desktop=\u00a0\u00bbdefault\u00a0\u00bb column_element_spacing=\u00a0\u00bbdefault\u00a0\u00bb desktop_text_alignment=\u00a0\u00bbdefault\u00a0\u00bb tablet_text_alignment=\u00a0\u00bbdefault\u00a0\u00bb phone_text_alignment=\u00a0\u00bbdefault\u00a0\u00bb background_color_opacity=\u00a0\u00bb1&Prime; background_hover_color_opacity=\u00a0\u00bb1&Prime; column_backdrop_filter=\u00a0\u00bbnone\u00a0\u00bb column_shadow=\u00a0\u00bbnone\u00a0\u00bb column_border_radius=\u00a0\u00bbnone\u00a0\u00bb column_link_target=\u00a0\u00bb_self\u00a0\u00bb column_position=\u00a0\u00bbdefault\u00a0\u00bb gradient_direction=\u00a0\u00bbleft_to_right\u00a0\u00bb overlay_strength=\u00a0\u00bb0.3&Prime; width=\u00a0\u00bb1\/1&Prime; tablet_width_inherit=\u00a0\u00bbdefault\u00a0\u00bb animation_type=\u00a0\u00bbdefault\u00a0\u00bb bg_image_animation=\u00a0\u00bbnone\u00a0\u00bb border_type=\u00a0\u00bbsimple\u00a0\u00bb column_border_width=\u00a0\u00bbnone\u00a0\u00bb column_border_style=\u00a0\u00bbsolid\u00a0\u00bb][nectar_cta btn_style=\u00a0\u00bbarrow-animation\u00a0\u00bb heading_tag=\u00a0\u00bbspan\u00a0\u00bb button_color=\u00a0\u00bbdefault\u00a0\u00bb text_color=\u00a0\u00bb#ef1300&Prime; text_color_hover=\u00a0\u00bb#000000&Prime; button_border_thickness=\u00a0\u00bb0px\u00a0\u00bb link_type=\u00a0\u00bbregular\u00a0\u00bb alignment=\u00a0\u00bbleft\u00a0\u00bb alignment_tablet=\u00a0\u00bbdefault\u00a0\u00bb alignment_phone=\u00a0\u00bbdefault\u00a0\u00bb constrain_group_3=\u00a0\u00bbyes\u00a0\u00bb constrain_group_4=\u00a0\u00bbyes\u00a0\u00bb display=\u00a0\u00bbblock\u00a0\u00bb display_tablet=\u00a0\u00bbinherit\u00a0\u00bb display_phone=\u00a0\u00bbinherit\u00a0\u00bb link_text=\u00a0\u00bbVotre aventure commence ici ! Vivez l&rsquo;exp\u00e9rience GROUPE IDEC !\u00a0\u00bb margin_right=\u00a0\u00bb1em\u00a0\u00bb font_size_tablet=\u00a0\u00bb14&Prime; url=\u00a0\u00bbhttps:\/\/www.groupeidec.com\/emplois-carriere\/jeunes-talents\/\u00a0\u00bb][\/vc_column][\/vc_row][vc_row type=\u00a0\u00bbfull_width_background\u00a0\u00bb full_screen_row_position=\u00a0\u00bbmiddle\u00a0\u00bb column_margin=\u00a0\u00bbnone\u00a0\u00bb equal_height=\u00a0\u00bbyes\u00a0\u00bb content_placement=\u00a0\u00bbmiddle\u00a0\u00bb column_direction=\u00a0\u00bbdefault\u00a0\u00bb column_direction_tablet=\u00a0\u00bbdefault\u00a0\u00bb column_direction_phone=\u00a0\u00bbdefault\u00a0\u00bb scene_position=\u00a0\u00bbcenter\u00a0\u00bb top_padding=\u00a0\u00bb3%\u00a0\u00bb bottom_padding=\u00a0\u00bb3%\u00a0\u00bb text_color=\u00a0\u00bbdark\u00a0\u00bb text_align=\u00a0\u00bbleft\u00a0\u00bb row_border_radius=\u00a0\u00bbnone\u00a0\u00bb row_border_radius_applies=\u00a0\u00bbbg\u00a0\u00bb overflow=\u00a0\u00bbvisible\u00a0\u00bb enable_gradient=\u00a0\u00bbtrue\u00a0\u00bb color_overlay=\u00a0\u00bb#f6f6f6&Prime; color_overlay_2=\u00a0\u00bb#ffffff\u00a0\u00bb overlay_strength=\u00a0\u00bb1&Prime; gradient_direction=\u00a0\u00bbtop_to_bottom\u00a0\u00bb shape_divider_position=\u00a0\u00bbbottom\u00a0\u00bb bg_image_animation=\u00a0\u00bbnone\u00a0\u00bb gradient_type=\u00a0\u00bbdefault\u00a0\u00bb shape_type=\u00a0\u00bb\u00a0\u00bb][vc_column column_padding=\u00a0\u00bbpadding-4-percent\u00a0\u00bb column_padding_tablet=\u00a0\u00bbinherit\u00a0\u00bb column_padding_phone=\u00a0\u00bbno-extra-padding\u00a0\u00bb column_padding_position=\u00a0\u00bbright\u00a0\u00bb column_element_direction_desktop=\u00a0\u00bbdefault\u00a0\u00bb column_element_spacing=\u00a0\u00bbdefault\u00a0\u00bb desktop_text_alignment=\u00a0\u00bbdefault\u00a0\u00bb tablet_text_alignment=\u00a0\u00bbdefault\u00a0\u00bb phone_text_alignment=\u00a0\u00bbdefault\u00a0\u00bb background_color_opacity=\u00a0\u00bb1&Prime; background_hover_color_opacity=\u00a0\u00bb1&Prime; column_backdrop_filter=\u00a0\u00bbnone\u00a0\u00bb column_shadow=\u00a0\u00bbnone\u00a0\u00bb column_border_radius=\u00a0\u00bbnone\u00a0\u00bb column_link_target=\u00a0\u00bb_self\u00a0\u00bb column_position=\u00a0\u00bbdefault\u00a0\u00bb gradient_direction=\u00a0\u00bbleft_to_right\u00a0\u00bb overlay_strength=\u00a0\u00bb0.3&Prime; width=\u00a0\u00bb1\/4&Prime; tablet_width_inherit=\u00a0\u00bbdefault\u00a0\u00bb animation_type=\u00a0\u00bbdefault\u00a0\u00bb bg_image_animation=\u00a0\u00bbnone\u00a0\u00bb border_type=\u00a0\u00bbsimple\u00a0\u00bb column_border_width=\u00a0\u00bbnone\u00a0\u00bb column_border_style=\u00a0\u00bbsolid\u00a0\u00bb column_padding_type=\u00a0\u00bbdefault\u00a0\u00bb gradient_type=\u00a0\u00bbdefault\u00a0\u00bb][divider line_type=\u00a0\u00bbNo Line\u00a0\u00bb custom_height=\u00a0\u00bb20px\u00a0\u00bb][split_line_heading animation_type=\u00a0\u00bbdefault\u00a0\u00bb text_direction=\u00a0\u00bbdefault\u00a0\u00bb]\n<h2>REJOIGNEZ-NOUS<\/h2>\n[\/split_line_heading][vc_column_text css=\u00a0\u00bb\u00a0\u00bb text_direction=\u00a0\u00bbdefault\u00a0\u00bb el_class=\u00a0\u00bbp-ss-titre\u00a0\u00bb]<strong>Construisez votre avenir avec nous !<\/strong>[\/vc_column_text][vc_column_text css=\u00a0\u00bb.vc_custom_1741096890829{margin-bottom: 0px !important;}\u00a0\u00bb text_direction=\u00a0\u00bbdefault\u00a0\u00bb]\n<p data-pm-slice=\"1 1 []\">Vous \u00eates \u00e9tudiant en \u00e9cole d\u2019ing\u00e9nieur et vous recherchez un stage challengeant avec une r\u00e9elle perspective d\u2019embauche ? Nous vous ouvrons nos portes !<\/p>\n[\/vc_column_text][divider line_type=\u00a0\u00bbNo Line\u00a0\u00bb custom_height=\u00a0\u00bb20px\u00a0\u00bb][\/vc_column][vc_column column_padding=\u00a0\u00bbpadding-4-percent\u00a0\u00bb column_padding_tablet=\u00a0\u00bbinherit\u00a0\u00bb column_padding_phone=\u00a0\u00bbno-extra-padding\u00a0\u00bb column_padding_position=\u00a0\u00bbleft\u00a0\u00bb column_element_direction_desktop=\u00a0\u00bbdefault\u00a0\u00bb column_element_spacing=\u00a0\u00bbdefault\u00a0\u00bb desktop_text_alignment=\u00a0\u00bbdefault\u00a0\u00bb tablet_text_alignment=\u00a0\u00bbdefault\u00a0\u00bb phone_text_alignment=\u00a0\u00bbdefault\u00a0\u00bb background_color_opacity=\u00a0\u00bb1&Prime; background_hover_color_opacity=\u00a0\u00bb1&Prime; column_backdrop_filter=\u00a0\u00bbnone\u00a0\u00bb column_shadow=\u00a0\u00bbnone\u00a0\u00bb column_border_radius=\u00a0\u00bbnone\u00a0\u00bb column_link_target=\u00a0\u00bb_self\u00a0\u00bb column_position=\u00a0\u00bbdefault\u00a0\u00bb gradient_direction=\u00a0\u00bbleft_to_right\u00a0\u00bb overlay_strength=\u00a0\u00bb0.3&Prime; width=\u00a0\u00bb3\/4&Prime; tablet_width_inherit=\u00a0\u00bbdefault\u00a0\u00bb animation_type=\u00a0\u00bbdefault\u00a0\u00bb bg_image_animation=\u00a0\u00bbnone\u00a0\u00bb border_type=\u00a0\u00bbsimple\u00a0\u00bb column_border_width=\u00a0\u00bbnone\u00a0\u00bb column_border_style=\u00a0\u00bbsolid\u00a0\u00bb column_padding_type=\u00a0\u00bbdefault\u00a0\u00bb gradient_type=\u00a0\u00bbdefault\u00a0\u00bb][carousel script=\u00a0\u00bbcarouFredSel\u00a0\u00bb easing=\u00a0\u00bbswing\u00a0\u00bb][item simple_slider_bg_image_position=\u00a0\u00bbdefault\u00a0\u00bb simple_slider_overlay_strength=\u00a0\u00bb0.3&Prime; simple_slider_bg_image_loading=\u00a0\u00bbdefault\u00a0\u00bb title=\u00a0\u00bb\u00c9l\u00e9ment\u00a0\u00bb id=\u00a0\u00bb1744699519448-5&Prime; tab_id=\u00a0\u00bb1744699519448-0&Prime; flickity_custom_item_width=\u00a0\u00bb750px\u00a0\u00bb][vc_row_inner column_margin=\u00a0\u00bbdefault\u00a0\u00bb column_direction=\u00a0\u00bbdefault\u00a0\u00bb column_direction_tablet=\u00a0\u00bbdefault\u00a0\u00bb column_direction_phone=\u00a0\u00bbdefault\u00a0\u00bb text_align=\u00a0\u00bbleft\u00a0\u00bb row_position=\u00a0\u00bbdefault\u00a0\u00bb row_position_tablet=\u00a0\u00bbinherit\u00a0\u00bb row_position_phone=\u00a0\u00bbinherit\u00a0\u00bb overflow=\u00a0\u00bbvisible\u00a0\u00bb pointer_events=\u00a0\u00bball\u00a0\u00bb][vc_column_inner column_padding=\u00a0\u00bbpadding-3-percent\u00a0\u00bb column_padding_tablet=\u00a0\u00bbinherit\u00a0\u00bb column_padding_phone=\u00a0\u00bbinherit\u00a0\u00bb column_padding_position=\u00a0\u00bball\u00a0\u00bb column_element_direction_desktop=\u00a0\u00bbdefault\u00a0\u00bb column_element_spacing=\u00a0\u00bbdefault\u00a0\u00bb desktop_text_alignment=\u00a0\u00bbdefault\u00a0\u00bb tablet_text_alignment=\u00a0\u00bbdefault\u00a0\u00bb phone_text_alignment=\u00a0\u00bbdefault\u00a0\u00bb background_color_opacity=\u00a0\u00bb1&Prime; background_hover_color_opacity=\u00a0\u00bb1&Prime; background_image=\u00a0\u00bb1275&Prime; background_image_position=\u00a0\u00bbcenter center\u00a0\u00bb background_image_stacking=\u00a0\u00bbdefault\u00a0\u00bb background_image_loading=\u00a0\u00bbdefault\u00a0\u00bb column_backdrop_filter=\u00a0\u00bbnone\u00a0\u00bb font_color=\u00a0\u00bb#ffffff\u00a0\u00bb column_shadow=\u00a0\u00bbnone\u00a0\u00bb column_border_radius=\u00a0\u00bb10px\u00a0\u00bb column_link_target=\u00a0\u00bb_self\u00a0\u00bb overflow=\u00a0\u00bbvisible\u00a0\u00bb el_class=\u00a0\u00bbcarous-rejoignez-nous\u00a0\u00bb enable_gradient=\u00a0\u00bbtrue\u00a0\u00bb color_overlay=\u00a0\u00bb#000000&Prime; color_overlay_2=\u00a0\u00bb#000000&Prime; gradient_direction=\u00a0\u00bbleft_b_to_right_t\u00a0\u00bb overlay_strength=\u00a0\u00bb0.5&Prime; width=\u00a0\u00bb1\/1&Prime; tablet_width_inherit=\u00a0\u00bbdefault\u00a0\u00bb animation_type=\u00a0\u00bbdefault\u00a0\u00bb bg_image_animation=\u00a0\u00bbnone\u00a0\u00bb border_type=\u00a0\u00bbsimple\u00a0\u00bb column_border_width=\u00a0\u00bbnone\u00a0\u00bb column_border_color=\u00a0\u00bb#f2f2f2&Prime; column_border_style=\u00a0\u00bbsolid\u00a0\u00bb column_padding_type=\u00a0\u00bbdefault\u00a0\u00bb gradient_type=\u00a0\u00bbdefault\u00a0\u00bb][vc_column_text css=\u00a0\u00bb\u00a0\u00bb text_direction=\u00a0\u00bbltr\u00a0\u00bb el_class=\u00a0\u00bbcarous-rejoignez-nous-title\u00a0\u00bb]\n<h3>LICENCE<br \/>\nMANAGEMENT<br \/>\nDE PROJET ET<br \/>\nTRAVAUX<\/h3>\n[\/vc_column_text][vc_column_text css=\u00a0\u00bb\u00a0\u00bb text_direction=\u00a0\u00bbltr\u00a0\u00bb el_class=\u00a0\u00bbcarous-rejoignez-nous-content\u00a0\u00bb]Int\u00e9grez notre Licence Management de Projet et Travaux Option BIM, reconnue dipl\u00f4me d&rsquo;Etat. V\u00e9ritable tremplin professionnel avec une embauche \u00e0 la cl\u00e9 ![\/vc_column_text][divider line_type=\u00a0\u00bbNo Line\u00a0\u00bb custom_height=\u00a0\u00bb10px\u00a0\u00bb][nectar_cta btn_style=\u00a0\u00bbtext-reveal-wave\u00a0\u00bb heading_tag=\u00a0\u00bbspan\u00a0\u00bb button_color=\u00a0\u00bbdefault\u00a0\u00bb button_color_hover=\u00a0\u00bb#ef1300&Prime; text_color=\u00a0\u00bb#ffffff\u00a0\u00bb text_color_hover=\u00a0\u00bb#ffffff\u00a0\u00bb button_border_color=\u00a0\u00bb#ffffff\u00a0\u00bb button_border_color_hover=\u00a0\u00bb#ef1300&Prime; button_border_thickness=\u00a0\u00bb2px\u00a0\u00bb link_type=\u00a0\u00bbregular\u00a0\u00bb alignment=\u00a0\u00bbleft\u00a0\u00bb alignment_tablet=\u00a0\u00bbdefault\u00a0\u00bb alignment_phone=\u00a0\u00bbdefault\u00a0\u00bb constrain_group_3=\u00a0\u00bbyes\u00a0\u00bb constrain_group_4=\u00a0\u00bbyes\u00a0\u00bb display=\u00a0\u00bbinline\u00a0\u00bb display_tablet=\u00a0\u00bbinherit\u00a0\u00bb display_phone=\u00a0\u00bbinherit\u00a0\u00bb icon_family=\u00a0\u00bbnone\u00a0\u00bb link_text=\u00a0\u00bbD\u00e9couvrez la Licence\u00a0\u00bb padding_top=\u00a0\u00bb0.8em\u00a0\u00bb padding_bottom=\u00a0\u00bb0.8em\u00a0\u00bb padding_left=\u00a0\u00bb2em\u00a0\u00bb padding_right=\u00a0\u00bb2em\u00a0\u00bb margin_right=\u00a0\u00bb1em\u00a0\u00bb font_size_tablet=\u00a0\u00bb14&Prime; font_size_desktop=\u00a0\u00bb14&Prime; margin_bottom=\u00a0\u00bb20px\u00a0\u00bb url=\u00a0\u00bbhttps:\/\/www.groupeidec.com\/emplois-carriere\/jeunes-talents\/\u00a0\u00bb][\/vc_column_inner][\/vc_row_inner][\/item][item simple_slider_bg_image_position=\u00a0\u00bbdefault\u00a0\u00bb simple_slider_overlay_strength=\u00a0\u00bb0.3&Prime; simple_slider_bg_image_loading=\u00a0\u00bbdefault\u00a0\u00bb title=\u00a0\u00bb\u00c9l\u00e9ment\u00a0\u00bb id=\u00a0\u00bb1744699519516-3&Prime; tab_id=\u00a0\u00bb1744699519517-9&Prime;][vc_row_inner column_margin=\u00a0\u00bbdefault\u00a0\u00bb column_direction=\u00a0\u00bbdefault\u00a0\u00bb column_direction_tablet=\u00a0\u00bbdefault\u00a0\u00bb column_direction_phone=\u00a0\u00bbdefault\u00a0\u00bb text_align=\u00a0\u00bbleft\u00a0\u00bb row_position=\u00a0\u00bbdefault\u00a0\u00bb row_position_tablet=\u00a0\u00bbinherit\u00a0\u00bb row_position_phone=\u00a0\u00bbinherit\u00a0\u00bb overflow=\u00a0\u00bbvisible\u00a0\u00bb pointer_events=\u00a0\u00bball\u00a0\u00bb][vc_column_inner column_padding=\u00a0\u00bbpadding-3-percent\u00a0\u00bb column_padding_tablet=\u00a0\u00bbinherit\u00a0\u00bb column_padding_phone=\u00a0\u00bbinherit\u00a0\u00bb column_padding_position=\u00a0\u00bball\u00a0\u00bb column_element_direction_desktop=\u00a0\u00bbdefault\u00a0\u00bb column_element_spacing=\u00a0\u00bbdefault\u00a0\u00bb desktop_text_alignment=\u00a0\u00bbdefault\u00a0\u00bb tablet_text_alignment=\u00a0\u00bbdefault\u00a0\u00bb phone_text_alignment=\u00a0\u00bbdefault\u00a0\u00bb background_color_opacity=\u00a0\u00bb1&Prime; background_hover_color_opacity=\u00a0\u00bb1&Prime; background_image=\u00a0\u00bb1083&Prime; background_image_position=\u00a0\u00bbcenter bottom\u00a0\u00bb background_image_stacking=\u00a0\u00bbdefault\u00a0\u00bb enable_bg_scale=\u00a0\u00bbtrue\u00a0\u00bb background_image_loading=\u00a0\u00bbdefault\u00a0\u00bb column_backdrop_filter=\u00a0\u00bbnone\u00a0\u00bb font_color=\u00a0\u00bb#ffffff\u00a0\u00bb column_shadow=\u00a0\u00bbnone\u00a0\u00bb column_border_radius=\u00a0\u00bb10px\u00a0\u00bb column_link_target=\u00a0\u00bb_self\u00a0\u00bb overflow=\u00a0\u00bbvisible\u00a0\u00bb el_class=\u00a0\u00bbcarous-rejoignez-nous\u00a0\u00bb enable_gradient=\u00a0\u00bbtrue\u00a0\u00bb color_overlay=\u00a0\u00bb#000000&Prime; color_overlay_2=\u00a0\u00bb#000000&Prime; gradient_direction=\u00a0\u00bbleft_b_to_right_t\u00a0\u00bb overlay_strength=\u00a0\u00bb0.5&Prime; width=\u00a0\u00bb1\/1&Prime; tablet_width_inherit=\u00a0\u00bbdefault\u00a0\u00bb animation_type=\u00a0\u00bbdefault\u00a0\u00bb bg_image_animation=\u00a0\u00bbnone\u00a0\u00bb border_type=\u00a0\u00bbsimple\u00a0\u00bb column_border_width=\u00a0\u00bbnone\u00a0\u00bb column_border_color=\u00a0\u00bb#f2f2f2&Prime; column_border_style=\u00a0\u00bbsolid\u00a0\u00bb column_padding_type=\u00a0\u00bbdefault\u00a0\u00bb gradient_type=\u00a0\u00bbdefault\u00a0\u00bb][vc_column_text css=\u00a0\u00bb\u00a0\u00bb text_direction=\u00a0\u00bbltr\u00a0\u00bb el_class=\u00a0\u00bbcarous-rejoignez-nous-title\u00a0\u00bb]\n<h3 class=\"tw-typo-2xl sm:tw-typo-3xl\">TOUTES<br \/>\nNOS OFFRES<br \/>\nDE STAGE<\/h3>\n[\/vc_column_text][vc_column_text css=\u00a0\u00bb\u00a0\u00bb text_direction=\u00a0\u00bbltr\u00a0\u00bb el_class=\u00a0\u00bbcarous-rejoignez-nous-content\u00a0\u00bb]Plongez au c\u0153ur de projets innovants, boostez vos comp\u00e9tences aux c\u00f4t\u00e9s d\u2019experts et participez \u00e0 des r\u00e9alisations d\u2019envergure, avec de r\u00e9elles opportunit\u00e9s d\u2019\u00e9volution ![\/vc_column_text][divider line_type=\u00a0\u00bbNo Line\u00a0\u00bb custom_height=\u00a0\u00bb10px\u00a0\u00bb][nectar_cta btn_style=\u00a0\u00bbtext-reveal-wave\u00a0\u00bb heading_tag=\u00a0\u00bbspan\u00a0\u00bb button_color=\u00a0\u00bbdefault\u00a0\u00bb button_color_hover=\u00a0\u00bb#ef1300&Prime; text_color=\u00a0\u00bb#ffffff\u00a0\u00bb text_color_hover=\u00a0\u00bb#ffffff\u00a0\u00bb button_border_color=\u00a0\u00bb#ffffff\u00a0\u00bb button_border_color_hover=\u00a0\u00bb#ef1300&Prime; button_border_thickness=\u00a0\u00bb2px\u00a0\u00bb link_type=\u00a0\u00bbregular\u00a0\u00bb alignment=\u00a0\u00bbleft\u00a0\u00bb alignment_tablet=\u00a0\u00bbdefault\u00a0\u00bb alignment_phone=\u00a0\u00bbdefault\u00a0\u00bb constrain_group_3=\u00a0\u00bbyes\u00a0\u00bb constrain_group_4=\u00a0\u00bbyes\u00a0\u00bb display=\u00a0\u00bbinline\u00a0\u00bb display_tablet=\u00a0\u00bbinherit\u00a0\u00bb display_phone=\u00a0\u00bbinherit\u00a0\u00bb icon_family=\u00a0\u00bbnone\u00a0\u00bb link_text=\u00a0\u00bbD\u00e9couvrez nos offres\u00a0\u00bb padding_top=\u00a0\u00bb0.8em\u00a0\u00bb padding_bottom=\u00a0\u00bb0.8em\u00a0\u00bb padding_left=\u00a0\u00bb2em\u00a0\u00bb padding_right=\u00a0\u00bb2em\u00a0\u00bb margin_right=\u00a0\u00bb1em\u00a0\u00bb font_size_tablet=\u00a0\u00bb14&Prime; font_size_desktop=\u00a0\u00bb14&Prime; margin_bottom=\u00a0\u00bb20px\u00a0\u00bb url=\u00a0\u00bbhttps:\/\/www.groupeidec.com\/emplois-carriere\/nos-offres\/?wpv_view_count=119&amp;wpv-wpcf-famille-de-metier=&amp;wpv-wpcf-type-de-contrat=Stagiaire+contr.stag&amp;wpv-wpcf-departement=&amp;wpv-entite-de-rattachement=&amp;wpv_filter_submit=Recherche\u00a0\u00bb][\/vc_column_inner][\/vc_row_inner][\/item][item simple_slider_bg_image_position=\u00a0\u00bbdefault\u00a0\u00bb simple_slider_overlay_strength=\u00a0\u00bb0.3&Prime; simple_slider_bg_image_loading=\u00a0\u00bbdefault\u00a0\u00bb title=\u00a0\u00bb\u00c9l\u00e9ment\u00a0\u00bb id=\u00a0\u00bb1744699519563-9&Prime; tab_id=\u00a0\u00bb1744699519564-1&Prime;][vc_row_inner column_margin=\u00a0\u00bbdefault\u00a0\u00bb column_direction=\u00a0\u00bbdefault\u00a0\u00bb column_direction_tablet=\u00a0\u00bbdefault\u00a0\u00bb column_direction_phone=\u00a0\u00bbdefault\u00a0\u00bb text_align=\u00a0\u00bbleft\u00a0\u00bb row_position=\u00a0\u00bbdefault\u00a0\u00bb row_position_tablet=\u00a0\u00bbinherit\u00a0\u00bb row_position_phone=\u00a0\u00bbinherit\u00a0\u00bb overflow=\u00a0\u00bbvisible\u00a0\u00bb pointer_events=\u00a0\u00bball\u00a0\u00bb][vc_column_inner column_padding=\u00a0\u00bbpadding-3-percent\u00a0\u00bb column_padding_tablet=\u00a0\u00bbinherit\u00a0\u00bb column_padding_phone=\u00a0\u00bbinherit\u00a0\u00bb column_padding_position=\u00a0\u00bball\u00a0\u00bb column_element_direction_desktop=\u00a0\u00bbdefault\u00a0\u00bb column_element_spacing=\u00a0\u00bbdefault\u00a0\u00bb desktop_text_alignment=\u00a0\u00bbdefault\u00a0\u00bb tablet_text_alignment=\u00a0\u00bbdefault\u00a0\u00bb phone_text_alignment=\u00a0\u00bbdefault\u00a0\u00bb background_color_opacity=\u00a0\u00bb1&Prime; background_hover_color_opacity=\u00a0\u00bb1&Prime; background_image=\u00a0\u00bb237&Prime; background_image_position=\u00a0\u00bbcenter center\u00a0\u00bb background_image_stacking=\u00a0\u00bbdefault\u00a0\u00bb enable_bg_scale=\u00a0\u00bbtrue\u00a0\u00bb background_image_loading=\u00a0\u00bbdefault\u00a0\u00bb column_backdrop_filter=\u00a0\u00bbnone\u00a0\u00bb font_color=\u00a0\u00bb#ffffff\u00a0\u00bb column_shadow=\u00a0\u00bbnone\u00a0\u00bb column_border_radius=\u00a0\u00bb10px\u00a0\u00bb column_link_target=\u00a0\u00bb_self\u00a0\u00bb overflow=\u00a0\u00bbvisible\u00a0\u00bb el_class=\u00a0\u00bbcarous-rejoignez-nous\u00a0\u00bb enable_gradient=\u00a0\u00bbtrue\u00a0\u00bb color_overlay=\u00a0\u00bb#000000&Prime; color_overlay_2=\u00a0\u00bb#000000&Prime; gradient_direction=\u00a0\u00bbleft_b_to_right_t\u00a0\u00bb overlay_strength=\u00a0\u00bb0.5&Prime; width=\u00a0\u00bb1\/1&Prime; tablet_width_inherit=\u00a0\u00bbdefault\u00a0\u00bb animation_type=\u00a0\u00bbdefault\u00a0\u00bb bg_image_animation=\u00a0\u00bbnone\u00a0\u00bb border_type=\u00a0\u00bbsimple\u00a0\u00bb column_border_width=\u00a0\u00bbnone\u00a0\u00bb column_border_color=\u00a0\u00bb#f2f2f2&Prime; column_border_style=\u00a0\u00bbsolid\u00a0\u00bb column_padding_type=\u00a0\u00bbdefault\u00a0\u00bb gradient_type=\u00a0\u00bbdefault\u00a0\u00bb][vc_column_text css=\u00a0\u00bb\u00a0\u00bb text_direction=\u00a0\u00bbltr\u00a0\u00bb]\n<h3>VIVEZ<br \/>\nL&rsquo;EXP\u00c9RIENCE<br \/>\nGROUPE IDEC<\/h3>\n[\/vc_column_text][vc_column_text css=\u00a0\u00bb\u00a0\u00bb text_direction=\u00a0\u00bbltr\u00a0\u00bb el_class=\u00a0\u00bbcarous-rejoignez-nous-content\u00a0\u00bb]Alternance, Stage, Projet de fin d&rsquo;\u00e9tude : donnez un \u00e9lan \u00e0 votre carri\u00e8re en postulant, y compris en candidature spontan\u00e9e. V\u00e9ritable tremplin professionnel ![\/vc_column_text][divider line_type=\u00a0\u00bbNo Line\u00a0\u00bb custom_height=\u00a0\u00bb10px\u00a0\u00bb][nectar_cta btn_style=\u00a0\u00bbtext-reveal-wave\u00a0\u00bb heading_tag=\u00a0\u00bbspan\u00a0\u00bb button_color=\u00a0\u00bbdefault\u00a0\u00bb button_color_hover=\u00a0\u00bb#ef1300&Prime; text_color=\u00a0\u00bb#ffffff\u00a0\u00bb text_color_hover=\u00a0\u00bb#ffffff\u00a0\u00bb button_border_color=\u00a0\u00bb#ffffff\u00a0\u00bb button_border_color_hover=\u00a0\u00bb#ef1300&Prime; button_border_thickness=\u00a0\u00bb2px\u00a0\u00bb link_type=\u00a0\u00bbregular\u00a0\u00bb alignment=\u00a0\u00bbleft\u00a0\u00bb alignment_tablet=\u00a0\u00bbdefault\u00a0\u00bb alignment_phone=\u00a0\u00bbdefault\u00a0\u00bb constrain_group_3=\u00a0\u00bbyes\u00a0\u00bb constrain_group_4=\u00a0\u00bbyes\u00a0\u00bb display=\u00a0\u00bbinline\u00a0\u00bb display_tablet=\u00a0\u00bbinherit\u00a0\u00bb display_phone=\u00a0\u00bbinherit\u00a0\u00bb icon_family=\u00a0\u00bbnone\u00a0\u00bb link_text=\u00a0\u00bbJe candidate\u00a0\u00bb padding_top=\u00a0\u00bb0.8em\u00a0\u00bb padding_bottom=\u00a0\u00bb0.8em\u00a0\u00bb padding_left=\u00a0\u00bb2em\u00a0\u00bb padding_right=\u00a0\u00bb2em\u00a0\u00bb margin_right=\u00a0\u00bb1em\u00a0\u00bb font_size_tablet=\u00a0\u00bb14&Prime; font_size_desktop=\u00a0\u00bb14&Prime; margin_bottom=\u00a0\u00bb20px\u00a0\u00bb url=\u00a0\u00bbhttps:\/\/www.groupeidec.com\/emplois-carriere\/candidature-spontanee\/\u00a0\u00bb][\/vc_column_inner][\/vc_row_inner][\/item][\/carousel][\/vc_column][\/vc_row]\n","protected":false},"excerpt":{"rendered":"<p>[vc_row type=\u00a0\u00bbin_container\u00a0\u00bb full_screen_row_position=\u00a0\u00bbmiddle\u00a0\u00bb column_margin=\u00a0\u00bbdefault\u00a0\u00bb column_direction=\u00a0\u00bbdefault\u00a0\u00bb column_direction_tablet=\u00a0\u00bbdefault\u00a0\u00bb column_direction_phone=\u00a0\u00bbdefault\u00a0\u00bb scene_position=\u00a0\u00bbcenter\u00a0\u00bb text_color=\u00a0\u00bbdark\u00a0\u00bb text_align=\u00a0\u00bbleft\u00a0\u00bb row_border_radius=\u00a0\u00bbnone\u00a0\u00bb row_border_radius_applies=\u00a0\u00bbbg\u00a0\u00bb overflow=\u00a0\u00bbvisible\u00a0\u00bb overlay_strength=\u00a0\u00bb0.3&Prime; gradient_direction=\u00a0\u00bbleft_to_right\u00a0\u00bb shape_divider_position=\u00a0\u00bbbottom\u00a0\u00bb bg_image_animation=\u00a0\u00bbnone\u00a0\u00bb][vc_column column_padding=\u00a0\u00bbno-extra-padding\u00a0\u00bb column_padding_tablet=\u00a0\u00bbinherit\u00a0\u00bb column_padding_phone=\u00a0\u00bbinherit\u00a0\u00bb column_padding_position=\u00a0\u00bball\u00a0\u00bb column_element_direction_desktop=\u00a0\u00bbdefault\u00a0\u00bb column_element_spacing=\u00a0\u00bbdefault\u00a0\u00bb desktop_text_alignment=\u00a0\u00bbdefault\u00a0\u00bb tablet_text_alignment=\u00a0\u00bbdefault\u00a0\u00bb phone_text_alignment=\u00a0\u00bbdefault\u00a0\u00bb background_color_opacity=\u00a0\u00bb1&Prime; background_hover_color_opacity=\u00a0\u00bb1&Prime; column_backdrop_filter=\u00a0\u00bbnone\u00a0\u00bb column_shadow=\u00a0\u00bbnone\u00a0\u00bb&#8230;<\/p>\n","protected":false},"author":2,"featured_media":766,"comment_status":"closed","ping_status":"closed","sticky":false,"template":"","format":"standard","meta":{"_seopress_robots_primary_cat":"11","_seopress_titles_title":"IDEFI 2024 : projets \u00e9tudiants qui fa\u00e7onnent l'avenir","_seopress_titles_desc":"Concours IDEFI 2024 : Projets \u00e9tudiants qui fa\u00e7onnent l'avenir de l'industrie. Un \u00e9v\u00e9nement marquant. F\u00e9licitations aux \u00e9tudiants laur\u00e9ats.","_seopress_robots_index":"","footnotes":""},"categories":[13,11],"tags":[],"class_list":{"0":"post-761","1":"post","2":"type-post","3":"status-publish","4":"format-standard","5":"has-post-thumbnail","7":"category-evenement","8":"category-jeunes-talents"},"_links":{"self":[{"href":"https:\/\/www.groupeidec.com\/emplois-carriere\/wp-json\/wp\/v2\/posts\/761","targetHints":{"allow":["GET"]}}],"collection":[{"href":"https:\/\/www.groupeidec.com\/emplois-carriere\/wp-json\/wp\/v2\/posts"}],"about":[{"href":"https:\/\/www.groupeidec.com\/emplois-carriere\/wp-json\/wp\/v2\/types\/post"}],"author":[{"embeddable":true,"href":"https:\/\/www.groupeidec.com\/emplois-carriere\/wp-json\/wp\/v2\/users\/2"}],"replies":[{"embeddable":true,"href":"https:\/\/www.groupeidec.com\/emplois-carriere\/wp-json\/wp\/v2\/comments?post=761"}],"version-history":[{"count":8,"href":"https:\/\/www.groupeidec.com\/emplois-carriere\/wp-json\/wp\/v2\/posts\/761\/revisions"}],"predecessor-version":[{"id":1796,"href":"https:\/\/www.groupeidec.com\/emplois-carriere\/wp-json\/wp\/v2\/posts\/761\/revisions\/1796"}],"wp:featuredmedia":[{"embeddable":true,"href":"https:\/\/www.groupeidec.com\/emplois-carriere\/wp-json\/wp\/v2\/media\/766"}],"wp:attachment":[{"href":"https:\/\/www.groupeidec.com\/emplois-carriere\/wp-json\/wp\/v2\/media?parent=761"}],"wp:term":[{"taxonomy":"category","embeddable":true,"href":"https:\/\/www.groupeidec.com\/emplois-carriere\/wp-json\/wp\/v2\/categories?post=761"},{"taxonomy":"post_tag","embeddable":true,"href":"https:\/\/www.groupeidec.com\/emplois-carriere\/wp-json\/wp\/v2\/tags?post=761"}],"curies":[{"name":"wp","href":"https:\/\/api.w.org\/{rel}","templated":true}]}}