{"id":105954,"date":"2019-06-14T15:56:39","date_gmt":"2019-06-14T13:56:39","guid":{"rendered":"https:\/\/www.groupeidec.com\/actualite\/tony-parker-sassocie-au-groupe-idec\/"},"modified":"2023-09-08T17:37:57","modified_gmt":"2023-09-08T15:37:57","slug":"tony-parker-sassocie-au-groupe-idec","status":"publish","type":"actualite","link":"https:\/\/www.groupeidec.com\/en\/actualite\/tony-parker-sassocie-au-groupe-idec\/","title":{"rendered":"TONY PARKER JOINS THE IDEC GROUP"},"content":{"rendered":"<p><strong>Just after hanging up his sports shirt<\/strong><strong>, Tony Parker is embarking on a new adventure working alongside the IDEC GROUP.\u00a0The four times NBA champion was already the patron of honour for the IDEC SPORT motor racing team, but now he has joined Patrice Lafargue\u00a0to launch 9 PROM.<\/strong><\/p>\n<p>The French NBA star, Tony Parker, has just announced his retirement from sport at least. The former leader of the Spurs is going to be working exclusively in the property sector with Patrice Lafargue, President and Founder of the IDEC GROUP. The two men are launching a new development company: 9\u00a0PROM, which will be working in France and abroad.<\/p>\n<p>Behind this decision to work together, there is above all a friendship between two men and shared values around this new project. Having become in under twenty years a reference player in the property sector in all its facets (planner, developer, investor and designer-builder), the IDEC GROUP and its twenty companies work with their clients, local bodies, firms and individuals to see through their projects become reality. Their 380\u00a0staff apply their energy and passion every day to carry out the most ambitious property projects. They draw their inspiration in particular from the top class sportsmen and women that receive the support of the IDEC GROUP.<\/p>\n<p>This project was announced on Friday 14<sup>th<\/sup> April at the Le Mans 24-Hour Race, as the basketball player is the patron of honour of the Oreca #48, in which IDEC SPORT\u00a0is competing in the LMP2 category in the 24-hour race. This idea has taken a few months of reflection and is largely down to their shared values. Commitment, rigour, team spirit, trust, boldness\u2026 these are the qualities that define the passion bringing together Tony Parker and Patrice Lafargue.<\/p>\n<p>Even if we will no longer see the young retired player on the basketball court in the States, he has not forgotten the exceptional career he has had. With his unrivalled sporting experience, it is quite natural that 9 PROM will have sports centres at the core of its business in France and abroad.<\/p>\n<p><strong>Patrice Lafargue:<\/strong>\u00a0\u201cIt\u2019s been a while now that I have had the pleasure of knowing Tony. We were pleased to have him as ambassador for IDEC SPORT. We have values that bring us together and it was only natural that we talked about the desire to work together. We didn\u2019t have to wait long before setting up this project together and I\u2019m convinced that it will be hugely successful.\u201d<\/p>\n<p><strong>Tony Parker:<\/strong>\u00a0\u201cI am delighted to be launching 9 Prom with Patrice. He is someone that has a true entrepreneurial spirit that I share. I always gave myself certain goals during my sporting career and it\u2019s important to have some more now. It is a great project that we are setting up with the IDEC GROUP. This is a fantastic adventure which we really believe in and I can\u2019t wait to get started on it.\u201d<\/p>\n<p style=\"text-align: justify;\">Find out more about the <a href=\"https:\/\/www.groupeidec.com\/en\/the-group\/\">IDEC GROUP<\/a> and its <a href=\"https:\/\/www.groupeidec.com\/en\/references\/\">property references<\/a>. If you want to build some property, receive information about our building programmes, sell a plot or develop a programme with us, <a href=\"https:\/\/www.groupeidec.com\/en\/contact\/\">contact us<\/a> to talk about your projects.<\/p>\n","protected":false},"excerpt":{"rendered":"<p>Just after hanging up his sports shirt, Tony Parker is embarking on a new adventure working alongside the IDEC GROUP.\u00a0The four times NBA champion was already the patron of honour for the IDEC SPORT motor racing team, but now he has joined Patrice Lafargue\u00a0to launch 9 PROM. The French NBA star, Tony Parker, has just [&hellip;]<\/p>\n","protected":false},"author":11,"featured_media":105951,"template":"","meta":{"inline_featured_image":false},"categories":[136,52],"class_list":["post-105954","actualite","type-actualite","status-publish","has-post-thumbnail","hentry","category-corporate-en","category-idec-sport-en"],"yoast_head":"<!-- This site is optimized with the Yoast SEO plugin v27.4 - https:\/\/yoast.com\/product\/yoast-seo-wordpress\/ -->\n<title>TONY PARKER JOINS THE IDEC GROUP - GROUPE IDEC<\/title>\n<meta name=\"robots\" content=\"index, follow, max-snippet:-1, max-image-preview:large, max-video-preview:-1\" \/>\n<link rel=\"canonical\" href=\"https:\/\/www.groupeidec.com\/en\/actualite\/tony-parker-sassocie-au-groupe-idec\/\" \/>\n<meta property=\"og:locale\" content=\"en_US\" \/>\n<meta property=\"og:type\" content=\"article\" \/>\n<meta property=\"og:title\" content=\"TONY PARKER JOINS THE IDEC GROUP - GROUPE IDEC\" \/>\n<meta property=\"og:description\" content=\"Just after hanging up his sports shirt, Tony Parker is embarking on a new adventure working alongside the IDEC GROUP.\u00a0The four times NBA champion was already the patron of honour for the IDEC SPORT motor racing team, but now he has joined Patrice Lafargue\u00a0to launch 9 PROM. The French NBA star, Tony Parker, has just [&hellip;]\" \/>\n<meta property=\"og:url\" content=\"https:\/\/www.groupeidec.com\/en\/actualite\/tony-parker-sassocie-au-groupe-idec\/\" \/>\n<meta property=\"og:site_name\" content=\"GROUPE IDEC\" \/>\n<meta property=\"article:publisher\" content=\"https:\/\/www.facebook.com\/groupeidec\/\" \/>\n<meta property=\"article:modified_time\" content=\"2023-09-08T15:37:57+00:00\" \/>\n<meta property=\"og:image\" content=\"https:\/\/www.groupeidec.com\/wp-content\/uploads\/2019\/06\/20190614_GROUPE-IDEC-IDEC-SPORT_v0333cut-1024x386.jpg\" \/>\n\t<meta property=\"og:image:width\" content=\"1024\" \/>\n\t<meta property=\"og:image:height\" content=\"386\" \/>\n\t<meta property=\"og:image:type\" content=\"image\/jpeg\" \/>\n<meta name=\"twitter:card\" content=\"summary_large_image\" \/>\n<meta name=\"twitter:label1\" content=\"Est. reading time\" \/>\n\t<meta name=\"twitter:data1\" content=\"3 minutes\" \/>\n<script type=\"application\/ld+json\" class=\"yoast-schema-graph\">{\"@context\":\"https:\\\/\\\/schema.org\",\"@graph\":[{\"@type\":\"WebPage\",\"@id\":\"https:\\\/\\\/www.groupeidec.com\\\/en\\\/actualite\\\/tony-parker-sassocie-au-groupe-idec\\\/\",\"url\":\"https:\\\/\\\/www.groupeidec.com\\\/en\\\/actualite\\\/tony-parker-sassocie-au-groupe-idec\\\/\",\"name\":\"TONY PARKER JOINS THE IDEC GROUP - GROUPE IDEC\",\"isPartOf\":{\"@id\":\"https:\\\/\\\/www.groupeidec.com\\\/en\\\/#website\"},\"primaryImageOfPage\":{\"@id\":\"https:\\\/\\\/www.groupeidec.com\\\/en\\\/actualite\\\/tony-parker-sassocie-au-groupe-idec\\\/#primaryimage\"},\"image\":{\"@id\":\"https:\\\/\\\/www.groupeidec.com\\\/en\\\/actualite\\\/tony-parker-sassocie-au-groupe-idec\\\/#primaryimage\"},\"thumbnailUrl\":\"https:\\\/\\\/www.groupeidec.com\\\/wp-content\\\/uploads\\\/2019\\\/06\\\/20190614_GROUPE-IDEC-IDEC-SPORT_v0333cut.jpg\",\"datePublished\":\"2019-06-14T13:56:39+00:00\",\"dateModified\":\"2023-09-08T15:37:57+00:00\",\"breadcrumb\":{\"@id\":\"https:\\\/\\\/www.groupeidec.com\\\/en\\\/actualite\\\/tony-parker-sassocie-au-groupe-idec\\\/#breadcrumb\"},\"inLanguage\":\"en-US\",\"potentialAction\":[{\"@type\":\"ReadAction\",\"target\":[\"https:\\\/\\\/www.groupeidec.com\\\/en\\\/actualite\\\/tony-parker-sassocie-au-groupe-idec\\\/\"]}]},{\"@type\":\"ImageObject\",\"inLanguage\":\"en-US\",\"@id\":\"https:\\\/\\\/www.groupeidec.com\\\/en\\\/actualite\\\/tony-parker-sassocie-au-groupe-idec\\\/#primaryimage\",\"url\":\"https:\\\/\\\/www.groupeidec.com\\\/wp-content\\\/uploads\\\/2019\\\/06\\\/20190614_GROUPE-IDEC-IDEC-SPORT_v0333cut.jpg\",\"contentUrl\":\"https:\\\/\\\/www.groupeidec.com\\\/wp-content\\\/uploads\\\/2019\\\/06\\\/20190614_GROUPE-IDEC-IDEC-SPORT_v0333cut.jpg\",\"width\":6000,\"height\":2261},{\"@type\":\"BreadcrumbList\",\"@id\":\"https:\\\/\\\/www.groupeidec.com\\\/en\\\/actualite\\\/tony-parker-sassocie-au-groupe-idec\\\/#breadcrumb\",\"itemListElement\":[{\"@type\":\"ListItem\",\"position\":1,\"name\":\"Accueil\",\"item\":\"https:\\\/\\\/www.groupeidec.com\\\/en\\\/\"},{\"@type\":\"ListItem\",\"position\":2,\"name\":\"Actualit\u00e9s\",\"item\":\"https:\\\/\\\/www.groupeidec.com\\\/en\\\/actualite\\\/\"},{\"@type\":\"ListItem\",\"position\":3,\"name\":\"TONY PARKER JOINS THE IDEC GROUP\"}]},{\"@type\":\"WebSite\",\"@id\":\"https:\\\/\\\/www.groupeidec.com\\\/en\\\/#website\",\"url\":\"https:\\\/\\\/www.groupeidec.com\\\/en\\\/\",\"name\":\"GROUPE IDEC\",\"description\":\"A la fois am\u00e9nageur, promoteur, investisseur et concepteur-constructeur cl\u00e9 en main, le GROUPE IDEC est l&#039;un des rares acteurs globaux du march\u00e9 immobilier fran\u00e7ais, pr\u00e9sent sur tous ces m\u00e9tiers.\",\"potentialAction\":[{\"@type\":\"SearchAction\",\"target\":{\"@type\":\"EntryPoint\",\"urlTemplate\":\"https:\\\/\\\/www.groupeidec.com\\\/en\\\/?s={search_term_string}\"},\"query-input\":{\"@type\":\"PropertyValueSpecification\",\"valueRequired\":true,\"valueName\":\"search_term_string\"}}],\"inLanguage\":\"en-US\"}]}<\/script>\n<!-- \/ Yoast SEO plugin. -->","yoast_head_json":{"title":"TONY PARKER JOINS THE IDEC GROUP - GROUPE IDEC","robots":{"index":"index","follow":"follow","max-snippet":"max-snippet:-1","max-image-preview":"max-image-preview:large","max-video-preview":"max-video-preview:-1"},"canonical":"https:\/\/www.groupeidec.com\/en\/actualite\/tony-parker-sassocie-au-groupe-idec\/","og_locale":"en_US","og_type":"article","og_title":"TONY PARKER JOINS THE IDEC GROUP - GROUPE IDEC","og_description":"Just after hanging up his sports shirt, Tony Parker is embarking on a new adventure working alongside the IDEC GROUP.\u00a0The four times NBA champion was already the patron of honour for the IDEC SPORT motor racing team, but now he has joined Patrice Lafargue\u00a0to launch 9 PROM. The French NBA star, Tony Parker, has just [&hellip;]","og_url":"https:\/\/www.groupeidec.com\/en\/actualite\/tony-parker-sassocie-au-groupe-idec\/","og_site_name":"GROUPE IDEC","article_publisher":"https:\/\/www.facebook.com\/groupeidec\/","article_modified_time":"2023-09-08T15:37:57+00:00","og_image":[{"width":1024,"height":386,"url":"https:\/\/www.groupeidec.com\/wp-content\/uploads\/2019\/06\/20190614_GROUPE-IDEC-IDEC-SPORT_v0333cut-1024x386.jpg","type":"image\/jpeg"}],"twitter_card":"summary_large_image","twitter_misc":{"Est. reading time":"3 minutes"},"schema":{"@context":"https:\/\/schema.org","@graph":[{"@type":"WebPage","@id":"https:\/\/www.groupeidec.com\/en\/actualite\/tony-parker-sassocie-au-groupe-idec\/","url":"https:\/\/www.groupeidec.com\/en\/actualite\/tony-parker-sassocie-au-groupe-idec\/","name":"TONY PARKER JOINS THE IDEC GROUP - GROUPE IDEC","isPartOf":{"@id":"https:\/\/www.groupeidec.com\/en\/#website"},"primaryImageOfPage":{"@id":"https:\/\/www.groupeidec.com\/en\/actualite\/tony-parker-sassocie-au-groupe-idec\/#primaryimage"},"image":{"@id":"https:\/\/www.groupeidec.com\/en\/actualite\/tony-parker-sassocie-au-groupe-idec\/#primaryimage"},"thumbnailUrl":"https:\/\/www.groupeidec.com\/wp-content\/uploads\/2019\/06\/20190614_GROUPE-IDEC-IDEC-SPORT_v0333cut.jpg","datePublished":"2019-06-14T13:56:39+00:00","dateModified":"2023-09-08T15:37:57+00:00","breadcrumb":{"@id":"https:\/\/www.groupeidec.com\/en\/actualite\/tony-parker-sassocie-au-groupe-idec\/#breadcrumb"},"inLanguage":"en-US","potentialAction":[{"@type":"ReadAction","target":["https:\/\/www.groupeidec.com\/en\/actualite\/tony-parker-sassocie-au-groupe-idec\/"]}]},{"@type":"ImageObject","inLanguage":"en-US","@id":"https:\/\/www.groupeidec.com\/en\/actualite\/tony-parker-sassocie-au-groupe-idec\/#primaryimage","url":"https:\/\/www.groupeidec.com\/wp-content\/uploads\/2019\/06\/20190614_GROUPE-IDEC-IDEC-SPORT_v0333cut.jpg","contentUrl":"https:\/\/www.groupeidec.com\/wp-content\/uploads\/2019\/06\/20190614_GROUPE-IDEC-IDEC-SPORT_v0333cut.jpg","width":6000,"height":2261},{"@type":"BreadcrumbList","@id":"https:\/\/www.groupeidec.com\/en\/actualite\/tony-parker-sassocie-au-groupe-idec\/#breadcrumb","itemListElement":[{"@type":"ListItem","position":1,"name":"Accueil","item":"https:\/\/www.groupeidec.com\/en\/"},{"@type":"ListItem","position":2,"name":"Actualit\u00e9s","item":"https:\/\/www.groupeidec.com\/en\/actualite\/"},{"@type":"ListItem","position":3,"name":"TONY PARKER JOINS THE IDEC GROUP"}]},{"@type":"WebSite","@id":"https:\/\/www.groupeidec.com\/en\/#website","url":"https:\/\/www.groupeidec.com\/en\/","name":"GROUPE IDEC","description":"A la fois am\u00e9nageur, promoteur, investisseur et concepteur-constructeur cl\u00e9 en main, le GROUPE IDEC est l&#039;un des rares acteurs globaux du march\u00e9 immobilier fran\u00e7ais, pr\u00e9sent sur tous ces m\u00e9tiers.","potentialAction":[{"@type":"SearchAction","target":{"@type":"EntryPoint","urlTemplate":"https:\/\/www.groupeidec.com\/en\/?s={search_term_string}"},"query-input":{"@type":"PropertyValueSpecification","valueRequired":true,"valueName":"search_term_string"}}],"inLanguage":"en-US"}]}},"wpcf-actualite-externe":"0","wpcf-identifiant-actualite":"","_links":{"self":[{"href":"https:\/\/www.groupeidec.com\/en\/wp-json\/wp\/v2\/actualite\/105954","targetHints":{"allow":["GET"]}}],"collection":[{"href":"https:\/\/www.groupeidec.com\/en\/wp-json\/wp\/v2\/actualite"}],"about":[{"href":"https:\/\/www.groupeidec.com\/en\/wp-json\/wp\/v2\/types\/actualite"}],"author":[{"embeddable":true,"href":"https:\/\/www.groupeidec.com\/en\/wp-json\/wp\/v2\/users\/11"}],"wp:featuredmedia":[{"embeddable":true,"href":"https:\/\/www.groupeidec.com\/en\/wp-json\/wp\/v2\/media\/105951"}],"wp:attachment":[{"href":"https:\/\/www.groupeidec.com\/en\/wp-json\/wp\/v2\/media?parent=105954"}],"wp:term":[{"taxonomy":"category","embeddable":true,"href":"https:\/\/www.groupeidec.com\/en\/wp-json\/wp\/v2\/categories?post=105954"}],"curies":[{"name":"wp","href":"https:\/\/api.w.org\/{rel}","templated":true}]}}