{"id":118619,"date":"2019-07-02T17:13:48","date_gmt":"2019-07-02T15:13:48","guid":{"rendered":"https:\/\/www.groupeidec.com\/?post_type=actualite&#038;p=118619"},"modified":"2023-10-03T17:15:16","modified_gmt":"2023-10-03T15:15:16","slug":"le-groupe-idec-rassemble-ses-nouvelles-recrues-a-un-seminaire-dintegration","status":"publish","type":"actualite","link":"https:\/\/www.groupeidec.com\/en\/actualite\/le-groupe-idec-rassemble-ses-nouvelles-recrues-a-un-seminaire-dintegration\/","title":{"rendered":"THE IDEC GROUP BRINGS TOGETHER ITS NEW MEMBERS OF STAFF FOR AN INTEGRATION SEMINAR"},"content":{"rendered":"<p><strong>In order to cope with the steady growth in its business, the IDEC GROUP hires new talent each year to work with its clients. These new members of staff were able to take advantage of an integration day in Paris offering them the opportunity to meet a world of enthusiastic workers. <\/strong><\/p>\n<p><strong>\u00a0<\/strong><\/p>\n<p><iframe loading=\"lazy\" src=\"https:\/\/www.youtube.com\/embed\/dy-J-tUlAss\" width=\"560\" height=\"315\" frameborder=\"0\" allowfullscreen=\"allowfullscreen\"><\/iframe><\/p>\n<p><strong>A group with strong values <\/strong><\/p>\n<p>Since its creation more than twenty years ago, the IDEC GROUP has developed around some strong values shared by its entire staff and led by the President of the Group, Patrice LAFARGUE and the many sportsmen and sportswomen linked to the firm. \u201c<em>Commitment, team spirit, trust<\/em><em>, riguour, boldness and passion are the pillars which support the identity of the IDEC GROUP and are applied each day by the firm\u2019s staff to take up the challenge given to them by the clients,\u201d <\/em><em>explained <\/em>Patrice GAYE, Head of Human Resources at the IDEC GROUP.<\/p>\n<p><strong>A day to dive ino a world of enthusiastic workers <\/strong><\/p>\n<p>The IDEC GROUP invited the new recruits for a day from all over France to allow them to dive into the company\u2019s work, culture and values. After presentations by the Heads of the various units, the eighty people attending carried out a fun activity to encourage people to get together and talk. Marie Am\u00e9lie LE FUR is the Sports and health ambassador for the IDEC GROUP, and works with the company applying the methods developed by the company\u2019s bosses to encourage people to take up various sports.<\/p>\n<p><strong>Around forty people being taken on <\/strong><\/p>\n<p>In order to cope with its growth, the IDEC GROUP attracts many new staff each year in various jobs. \u201c<em>Site managers<\/em><em>, developers, sales staff, engineers, project developers\u2026\u00a0 the firm stresses the variety of work it does and the fascinating projects they run to encourage new talent to join them. Whether in France or internationally, the IDEC GROUP offers opportunities to each member of staff to allow them to advance and to grow with the company,\u201d <\/em><em>added <\/em>Patrice GAYE. \u201c<em>We are currently looking for forty new members of staff in our various subsidiaries across France, but also to work with us on projects abroad.\u201d<\/em><\/p>\n<p><strong>Join a team of enthusiasts <\/strong><\/p>\n<p>Would you like to join the IDEC\u00a0GROUP? Take a look at <a href=\"https:\/\/www.groupeidec.com\/offres\/\"><strong>our job offers<\/strong><\/a> and contact our HR team.<\/p>\n<p><em>Photo credit: \u00a9Guillaume DAUMAIL \/ GROUPE IDEC<\/em><\/p>\n<p>&nbsp;<\/p>\n","protected":false},"excerpt":{"rendered":"<p>In order to cope with the steady growth in its business, the IDEC GROUP hires new talent each year to work with its clients. These new members of staff were able to take advantage of an integration day in Paris offering them the opportunity to meet a world of enthusiastic workers. \u00a0 A group with [&hellip;]<\/p>\n","protected":false},"author":11,"featured_media":114646,"template":"","meta":{"inline_featured_image":false},"categories":[],"class_list":["post-118619","actualite","type-actualite","status-publish","has-post-thumbnail","hentry"],"yoast_head":"<!-- This site is optimized with the Yoast SEO plugin v27.4 - https:\/\/yoast.com\/product\/yoast-seo-wordpress\/ -->\n<title>THE IDEC GROUP BRINGS TOGETHER ITS NEW MEMBERS OF STAFF FOR AN INTEGRATION SEMINAR - GROUPE IDEC<\/title>\n<meta name=\"robots\" content=\"noindex, nofollow\" \/>\n<meta property=\"og:locale\" content=\"en_US\" \/>\n<meta property=\"og:type\" content=\"article\" \/>\n<meta property=\"og:title\" content=\"THE IDEC GROUP BRINGS TOGETHER ITS NEW MEMBERS OF STAFF FOR AN INTEGRATION SEMINAR - GROUPE IDEC\" \/>\n<meta property=\"og:description\" content=\"In order to cope with the steady growth in its business, the IDEC GROUP hires new talent each year to work with its clients. These new members of staff were able to take advantage of an integration day in Paris offering them the opportunity to meet a world of enthusiastic workers. \u00a0 A group with [&hellip;]\" \/>\n<meta property=\"og:url\" content=\"https:\/\/www.groupeidec.com\/en\/actualite\/le-groupe-idec-rassemble-ses-nouvelles-recrues-a-un-seminaire-dintegration\/\" \/>\n<meta property=\"og:site_name\" content=\"GROUPE IDEC\" \/>\n<meta property=\"article:publisher\" content=\"https:\/\/www.facebook.com\/groupeidec\/\" \/>\n<meta property=\"article:modified_time\" content=\"2023-10-03T15:15:16+00:00\" \/>\n<meta property=\"og:image\" content=\"https:\/\/www.groupeidec.com\/wp-content\/uploads\/2019\/06\/IMG_8498-web.jpg\" \/>\n\t<meta property=\"og:image:width\" content=\"2000\" \/>\n\t<meta property=\"og:image:height\" content=\"1333\" \/>\n\t<meta property=\"og:image:type\" content=\"image\/jpeg\" \/>\n<meta name=\"twitter:card\" content=\"summary_large_image\" \/>\n<meta name=\"twitter:label1\" content=\"Est. reading time\" \/>\n\t<meta name=\"twitter:data1\" content=\"2 minutes\" \/>\n<script type=\"application\/ld+json\" class=\"yoast-schema-graph\">{\"@context\":\"https:\\\/\\\/schema.org\",\"@graph\":[{\"@type\":\"WebPage\",\"@id\":\"https:\\\/\\\/www.groupeidec.com\\\/en\\\/actualite\\\/le-groupe-idec-rassemble-ses-nouvelles-recrues-a-un-seminaire-dintegration\\\/\",\"url\":\"https:\\\/\\\/www.groupeidec.com\\\/en\\\/actualite\\\/le-groupe-idec-rassemble-ses-nouvelles-recrues-a-un-seminaire-dintegration\\\/\",\"name\":\"THE IDEC GROUP BRINGS TOGETHER ITS NEW MEMBERS OF STAFF FOR AN INTEGRATION SEMINAR - GROUPE IDEC\",\"isPartOf\":{\"@id\":\"https:\\\/\\\/www.groupeidec.com\\\/en\\\/#website\"},\"primaryImageOfPage\":{\"@id\":\"https:\\\/\\\/www.groupeidec.com\\\/en\\\/actualite\\\/le-groupe-idec-rassemble-ses-nouvelles-recrues-a-un-seminaire-dintegration\\\/#primaryimage\"},\"image\":{\"@id\":\"https:\\\/\\\/www.groupeidec.com\\\/en\\\/actualite\\\/le-groupe-idec-rassemble-ses-nouvelles-recrues-a-un-seminaire-dintegration\\\/#primaryimage\"},\"thumbnailUrl\":\"https:\\\/\\\/www.groupeidec.com\\\/wp-content\\\/uploads\\\/2019\\\/06\\\/IMG_8498-web.jpg\",\"datePublished\":\"2019-07-02T15:13:48+00:00\",\"dateModified\":\"2023-10-03T15:15:16+00:00\",\"breadcrumb\":{\"@id\":\"https:\\\/\\\/www.groupeidec.com\\\/en\\\/actualite\\\/le-groupe-idec-rassemble-ses-nouvelles-recrues-a-un-seminaire-dintegration\\\/#breadcrumb\"},\"inLanguage\":\"en-US\",\"potentialAction\":[{\"@type\":\"ReadAction\",\"target\":[\"https:\\\/\\\/www.groupeidec.com\\\/en\\\/actualite\\\/le-groupe-idec-rassemble-ses-nouvelles-recrues-a-un-seminaire-dintegration\\\/\"]}]},{\"@type\":\"ImageObject\",\"inLanguage\":\"en-US\",\"@id\":\"https:\\\/\\\/www.groupeidec.com\\\/en\\\/actualite\\\/le-groupe-idec-rassemble-ses-nouvelles-recrues-a-un-seminaire-dintegration\\\/#primaryimage\",\"url\":\"https:\\\/\\\/www.groupeidec.com\\\/wp-content\\\/uploads\\\/2019\\\/06\\\/IMG_8498-web.jpg\",\"contentUrl\":\"https:\\\/\\\/www.groupeidec.com\\\/wp-content\\\/uploads\\\/2019\\\/06\\\/IMG_8498-web.jpg\",\"width\":2000,\"height\":1333,\"caption\":\"\u00a9Guillaume DAUMAIL \\\/ GROUPE IDEC\"},{\"@type\":\"BreadcrumbList\",\"@id\":\"https:\\\/\\\/www.groupeidec.com\\\/en\\\/actualite\\\/le-groupe-idec-rassemble-ses-nouvelles-recrues-a-un-seminaire-dintegration\\\/#breadcrumb\",\"itemListElement\":[{\"@type\":\"ListItem\",\"position\":1,\"name\":\"Accueil\",\"item\":\"https:\\\/\\\/www.groupeidec.com\\\/en\\\/\"},{\"@type\":\"ListItem\",\"position\":2,\"name\":\"Actualit\u00e9s\",\"item\":\"https:\\\/\\\/www.groupeidec.com\\\/en\\\/actualite\\\/\"},{\"@type\":\"ListItem\",\"position\":3,\"name\":\"THE IDEC GROUP BRINGS TOGETHER ITS NEW MEMBERS OF STAFF FOR AN INTEGRATION SEMINAR\"}]},{\"@type\":\"WebSite\",\"@id\":\"https:\\\/\\\/www.groupeidec.com\\\/en\\\/#website\",\"url\":\"https:\\\/\\\/www.groupeidec.com\\\/en\\\/\",\"name\":\"GROUPE IDEC\",\"description\":\"A la fois am\u00e9nageur, promoteur, investisseur et concepteur-constructeur cl\u00e9 en main, le GROUPE IDEC est l&#039;un des rares acteurs globaux du march\u00e9 immobilier fran\u00e7ais, pr\u00e9sent sur tous ces m\u00e9tiers.\",\"potentialAction\":[{\"@type\":\"SearchAction\",\"target\":{\"@type\":\"EntryPoint\",\"urlTemplate\":\"https:\\\/\\\/www.groupeidec.com\\\/en\\\/?s={search_term_string}\"},\"query-input\":{\"@type\":\"PropertyValueSpecification\",\"valueRequired\":true,\"valueName\":\"search_term_string\"}}],\"inLanguage\":\"en-US\"}]}<\/script>\n<!-- \/ Yoast SEO plugin. -->","yoast_head_json":{"title":"THE IDEC GROUP BRINGS TOGETHER ITS NEW MEMBERS OF STAFF FOR AN INTEGRATION SEMINAR - GROUPE IDEC","robots":{"index":"noindex","follow":"nofollow"},"og_locale":"en_US","og_type":"article","og_title":"THE IDEC GROUP BRINGS TOGETHER ITS NEW MEMBERS OF STAFF FOR AN INTEGRATION SEMINAR - GROUPE IDEC","og_description":"In order to cope with the steady growth in its business, the IDEC GROUP hires new talent each year to work with its clients. These new members of staff were able to take advantage of an integration day in Paris offering them the opportunity to meet a world of enthusiastic workers. \u00a0 A group with [&hellip;]","og_url":"https:\/\/www.groupeidec.com\/en\/actualite\/le-groupe-idec-rassemble-ses-nouvelles-recrues-a-un-seminaire-dintegration\/","og_site_name":"GROUPE IDEC","article_publisher":"https:\/\/www.facebook.com\/groupeidec\/","article_modified_time":"2023-10-03T15:15:16+00:00","og_image":[{"width":2000,"height":1333,"url":"https:\/\/www.groupeidec.com\/wp-content\/uploads\/2019\/06\/IMG_8498-web.jpg","type":"image\/jpeg"}],"twitter_card":"summary_large_image","twitter_misc":{"Est. reading time":"2 minutes"},"schema":{"@context":"https:\/\/schema.org","@graph":[{"@type":"WebPage","@id":"https:\/\/www.groupeidec.com\/en\/actualite\/le-groupe-idec-rassemble-ses-nouvelles-recrues-a-un-seminaire-dintegration\/","url":"https:\/\/www.groupeidec.com\/en\/actualite\/le-groupe-idec-rassemble-ses-nouvelles-recrues-a-un-seminaire-dintegration\/","name":"THE IDEC GROUP BRINGS TOGETHER ITS NEW MEMBERS OF STAFF FOR AN INTEGRATION SEMINAR - GROUPE IDEC","isPartOf":{"@id":"https:\/\/www.groupeidec.com\/en\/#website"},"primaryImageOfPage":{"@id":"https:\/\/www.groupeidec.com\/en\/actualite\/le-groupe-idec-rassemble-ses-nouvelles-recrues-a-un-seminaire-dintegration\/#primaryimage"},"image":{"@id":"https:\/\/www.groupeidec.com\/en\/actualite\/le-groupe-idec-rassemble-ses-nouvelles-recrues-a-un-seminaire-dintegration\/#primaryimage"},"thumbnailUrl":"https:\/\/www.groupeidec.com\/wp-content\/uploads\/2019\/06\/IMG_8498-web.jpg","datePublished":"2019-07-02T15:13:48+00:00","dateModified":"2023-10-03T15:15:16+00:00","breadcrumb":{"@id":"https:\/\/www.groupeidec.com\/en\/actualite\/le-groupe-idec-rassemble-ses-nouvelles-recrues-a-un-seminaire-dintegration\/#breadcrumb"},"inLanguage":"en-US","potentialAction":[{"@type":"ReadAction","target":["https:\/\/www.groupeidec.com\/en\/actualite\/le-groupe-idec-rassemble-ses-nouvelles-recrues-a-un-seminaire-dintegration\/"]}]},{"@type":"ImageObject","inLanguage":"en-US","@id":"https:\/\/www.groupeidec.com\/en\/actualite\/le-groupe-idec-rassemble-ses-nouvelles-recrues-a-un-seminaire-dintegration\/#primaryimage","url":"https:\/\/www.groupeidec.com\/wp-content\/uploads\/2019\/06\/IMG_8498-web.jpg","contentUrl":"https:\/\/www.groupeidec.com\/wp-content\/uploads\/2019\/06\/IMG_8498-web.jpg","width":2000,"height":1333,"caption":"\u00a9Guillaume DAUMAIL \/ GROUPE IDEC"},{"@type":"BreadcrumbList","@id":"https:\/\/www.groupeidec.com\/en\/actualite\/le-groupe-idec-rassemble-ses-nouvelles-recrues-a-un-seminaire-dintegration\/#breadcrumb","itemListElement":[{"@type":"ListItem","position":1,"name":"Accueil","item":"https:\/\/www.groupeidec.com\/en\/"},{"@type":"ListItem","position":2,"name":"Actualit\u00e9s","item":"https:\/\/www.groupeidec.com\/en\/actualite\/"},{"@type":"ListItem","position":3,"name":"THE IDEC GROUP BRINGS TOGETHER ITS NEW MEMBERS OF STAFF FOR AN INTEGRATION SEMINAR"}]},{"@type":"WebSite","@id":"https:\/\/www.groupeidec.com\/en\/#website","url":"https:\/\/www.groupeidec.com\/en\/","name":"GROUPE IDEC","description":"A la fois am\u00e9nageur, promoteur, investisseur et concepteur-constructeur cl\u00e9 en main, le GROUPE IDEC est l&#039;un des rares acteurs globaux du march\u00e9 immobilier fran\u00e7ais, pr\u00e9sent sur tous ces m\u00e9tiers.","potentialAction":[{"@type":"SearchAction","target":{"@type":"EntryPoint","urlTemplate":"https:\/\/www.groupeidec.com\/en\/?s={search_term_string}"},"query-input":{"@type":"PropertyValueSpecification","valueRequired":true,"valueName":"search_term_string"}}],"inLanguage":"en-US"}]}},"wpcf-actualite-externe":"0","wpcf-identifiant-actualite":"","_links":{"self":[{"href":"https:\/\/www.groupeidec.com\/en\/wp-json\/wp\/v2\/actualite\/118619","targetHints":{"allow":["GET"]}}],"collection":[{"href":"https:\/\/www.groupeidec.com\/en\/wp-json\/wp\/v2\/actualite"}],"about":[{"href":"https:\/\/www.groupeidec.com\/en\/wp-json\/wp\/v2\/types\/actualite"}],"author":[{"embeddable":true,"href":"https:\/\/www.groupeidec.com\/en\/wp-json\/wp\/v2\/users\/11"}],"wp:featuredmedia":[{"embeddable":true,"href":"https:\/\/www.groupeidec.com\/en\/wp-json\/wp\/v2\/media\/114646"}],"wp:attachment":[{"href":"https:\/\/www.groupeidec.com\/en\/wp-json\/wp\/v2\/media?parent=118619"}],"wp:term":[{"taxonomy":"category","embeddable":true,"href":"https:\/\/www.groupeidec.com\/en\/wp-json\/wp\/v2\/categories?post=118619"}],"curies":[{"name":"wp","href":"https:\/\/api.w.org\/{rel}","templated":true}]}}