{"id":183250,"date":"2019-11-14T14:38:16","date_gmt":"2019-11-14T13:38:16","guid":{"rendered":"https:\/\/www.groupeidec.com\/actualite\/le-groupe-idec-partenaire-de-levenement-rungis-au-grand-palais-du-15-au-17-novembre\/"},"modified":"2023-09-08T17:39:57","modified_gmt":"2023-09-08T15:39:57","slug":"le-groupe-idec-partenaire-de-levenement-rungis-au-grand-palais-du-15-au-17-novembre","status":"publish","type":"actualite","link":"https:\/\/www.groupeidec.com\/en\/actualite\/le-groupe-idec-partenaire-de-levenement-rungis-au-grand-palais-du-15-au-17-novembre\/","title":{"rendered":"THE IDEC GROUP PARTNER FOR THE RUNGIS EVENT AT THE GRAND PALAIS FROM 15TH TO 17TH NOVEMBER"},"content":{"rendered":"<p><strong>The IDEC GROUP is a partner for the event organised by Rungis International Market being organised for the first time at the Grand Palais in Paris to highlight healthy eating. This partnership confirms the commitment shown by the IDEC GROUP to the Rungis Market and more generally to those in the food sector as they build their construction and industrial projects. You can see our teams at stand n\u00b024. <\/strong><\/p>\n<p><strong>An exceptional event <\/strong><\/p>\n<p>Rungis Market is the world\u2019s largest market for fresh produce and for the first time will be moving to the Grand Palais in the heart of Paris for an exceptional event. This event aims to showcase world renowned French gastronomy for professional and private individuals for three days with professionals from the food sector. Several shows and special events are planned to support healthy eating, transparency and local producers.<\/p>\n<p><strong>The IDEC GROUP partner for the event <\/strong><\/p>\n<p>The IDEC GROUP is a partner for this exceptional event and looking forward to meeting visitors on stand n\u00b024. This partnership makes a lot of sense with all the work done by the Group within the market at Rungis. With an agency based at its heart and around twenty property projects carried out (logistics, processing, production,\u2026), the IDEC GROUP underlines the importance of this international market ensuring healthy French eating.<\/p>\n<p><strong>The reference in the field of property projects for those involved in the food sector <\/strong><\/p>\n<p>Going beyond their huge presence at the market in Rungis, the IDEC GROUP has positioned itself to become a reference for food factories. With three expert companies (CECIA, IDEC AGRO &amp; FACTORY, GEDOUIN INGENIERIE), the Group has built more than 1000 projects in France and abroad with almost 100 staff dedicated to this sector. From the construction of Europe\u2019s largest baby milk production factory in Brittany to the construction of a poultry slaughterhouse in Morocco, the IDEC GROUP has been working alongside those involved in the food sector for almost forty years offering turnkey projects or working as a project manager.<\/p>\n<p><strong>Trust the IDEC GROUP with your food sector property projects<\/strong><\/p>\n<p>With around ten agencies in France and several abroad, in particular in Switzerland, Britain and Asia, the IDEC GROUP offers all-round support to the food industry from the start of their project through its design and construction. Dairy produce, meats, seafood, fruit and vegetables\u2026 the IDEC GROUP designs and builds new \u00a0constructions, carries out renovation work and builds extensions from several hundred square metres to more than 50,000 m\u00b2. Our teams look forward to seeing you on stand n\u00b024 to talk about all of your industrial property projects.<\/p>\n<p>Find out more about the <a href=\"https:\/\/www.groupeidec.com\/en\/the-group\/\">IDEC GROUP<\/a> and its property <a href=\"https:\/\/www.groupeidec.com\/en\/references\/\">REFERENCES<\/a>. Do you want us to work with you on the design or construction of a building? Do you want more information about our property programmes. Do you have land to sell or to develop with us? <a href=\"https:\/\/www.groupeidec.com\/en\/contact\/\">CONTACT US<\/a> to talk about your projects.<\/p>\n","protected":false},"excerpt":{"rendered":"<p>The IDEC GROUP is a partner for the event organised by Rungis International Market being organised for the first time at the Grand Palais in Paris to highlight healthy eating. This partnership confirms the commitment shown by the IDEC GROUP to the Rungis Market and more generally to those in the food sector as they [&hellip;]<\/p>\n","protected":false},"author":11,"featured_media":183211,"template":"","meta":{"inline_featured_image":false},"categories":[136],"class_list":["post-183250","actualite","type-actualite","status-publish","has-post-thumbnail","hentry","category-corporate-en"],"yoast_head":"<!-- This site is optimized with the Yoast SEO plugin v27.4 - https:\/\/yoast.com\/product\/yoast-seo-wordpress\/ -->\n<title>THE IDEC GROUP PARTNER FOR THE RUNGIS EVENT AT THE GRAND PALAIS FROM 15TH TO 17TH NOVEMBER - GROUPE IDEC<\/title>\n<meta name=\"robots\" content=\"index, follow, max-snippet:-1, max-image-preview:large, max-video-preview:-1\" \/>\n<link rel=\"canonical\" href=\"https:\/\/www.groupeidec.com\/en\/actualite\/le-groupe-idec-partenaire-de-levenement-rungis-au-grand-palais-du-15-au-17-novembre\/\" \/>\n<meta property=\"og:locale\" content=\"en_US\" \/>\n<meta property=\"og:type\" content=\"article\" \/>\n<meta property=\"og:title\" content=\"THE IDEC GROUP PARTNER FOR THE RUNGIS EVENT AT THE GRAND PALAIS FROM 15TH TO 17TH NOVEMBER - GROUPE IDEC\" \/>\n<meta property=\"og:description\" content=\"The IDEC GROUP is a partner for the event organised by Rungis International Market being organised for the first time at the Grand Palais in Paris to highlight healthy eating. This partnership confirms the commitment shown by the IDEC GROUP to the Rungis Market and more generally to those in the food sector as they [&hellip;]\" \/>\n<meta property=\"og:url\" content=\"https:\/\/www.groupeidec.com\/en\/actualite\/le-groupe-idec-partenaire-de-levenement-rungis-au-grand-palais-du-15-au-17-novembre\/\" \/>\n<meta property=\"og:site_name\" content=\"GROUPE IDEC\" \/>\n<meta property=\"article:publisher\" content=\"https:\/\/www.facebook.com\/groupeidec\/\" \/>\n<meta property=\"article:modified_time\" content=\"2023-09-08T15:39:57+00:00\" \/>\n<meta property=\"og:image\" content=\"https:\/\/www.groupeidec.com\/wp-content\/uploads\/2019\/11\/191108-RUNGIS-3.jpg\" \/>\n\t<meta property=\"og:image:width\" content=\"1440\" \/>\n\t<meta property=\"og:image:height\" content=\"943\" \/>\n\t<meta property=\"og:image:type\" content=\"image\/jpeg\" \/>\n<meta name=\"twitter:card\" content=\"summary_large_image\" \/>\n<meta name=\"twitter:label1\" content=\"Est. reading time\" \/>\n\t<meta name=\"twitter:data1\" content=\"3 minutes\" \/>\n<script type=\"application\/ld+json\" class=\"yoast-schema-graph\">{\"@context\":\"https:\\\/\\\/schema.org\",\"@graph\":[{\"@type\":\"WebPage\",\"@id\":\"https:\\\/\\\/www.groupeidec.com\\\/en\\\/actualite\\\/le-groupe-idec-partenaire-de-levenement-rungis-au-grand-palais-du-15-au-17-novembre\\\/\",\"url\":\"https:\\\/\\\/www.groupeidec.com\\\/en\\\/actualite\\\/le-groupe-idec-partenaire-de-levenement-rungis-au-grand-palais-du-15-au-17-novembre\\\/\",\"name\":\"THE IDEC GROUP PARTNER FOR THE RUNGIS EVENT AT THE GRAND PALAIS FROM 15TH TO 17TH NOVEMBER - GROUPE IDEC\",\"isPartOf\":{\"@id\":\"https:\\\/\\\/www.groupeidec.com\\\/en\\\/#website\"},\"primaryImageOfPage\":{\"@id\":\"https:\\\/\\\/www.groupeidec.com\\\/en\\\/actualite\\\/le-groupe-idec-partenaire-de-levenement-rungis-au-grand-palais-du-15-au-17-novembre\\\/#primaryimage\"},\"image\":{\"@id\":\"https:\\\/\\\/www.groupeidec.com\\\/en\\\/actualite\\\/le-groupe-idec-partenaire-de-levenement-rungis-au-grand-palais-du-15-au-17-novembre\\\/#primaryimage\"},\"thumbnailUrl\":\"https:\\\/\\\/www.groupeidec.com\\\/wp-content\\\/uploads\\\/2019\\\/11\\\/191108-RUNGIS-3.jpg\",\"datePublished\":\"2019-11-14T13:38:16+00:00\",\"dateModified\":\"2023-09-08T15:39:57+00:00\",\"breadcrumb\":{\"@id\":\"https:\\\/\\\/www.groupeidec.com\\\/en\\\/actualite\\\/le-groupe-idec-partenaire-de-levenement-rungis-au-grand-palais-du-15-au-17-novembre\\\/#breadcrumb\"},\"inLanguage\":\"en-US\",\"potentialAction\":[{\"@type\":\"ReadAction\",\"target\":[\"https:\\\/\\\/www.groupeidec.com\\\/en\\\/actualite\\\/le-groupe-idec-partenaire-de-levenement-rungis-au-grand-palais-du-15-au-17-novembre\\\/\"]}]},{\"@type\":\"ImageObject\",\"inLanguage\":\"en-US\",\"@id\":\"https:\\\/\\\/www.groupeidec.com\\\/en\\\/actualite\\\/le-groupe-idec-partenaire-de-levenement-rungis-au-grand-palais-du-15-au-17-novembre\\\/#primaryimage\",\"url\":\"https:\\\/\\\/www.groupeidec.com\\\/wp-content\\\/uploads\\\/2019\\\/11\\\/191108-RUNGIS-3.jpg\",\"contentUrl\":\"https:\\\/\\\/www.groupeidec.com\\\/wp-content\\\/uploads\\\/2019\\\/11\\\/191108-RUNGIS-3.jpg\",\"width\":1440,\"height\":943},{\"@type\":\"BreadcrumbList\",\"@id\":\"https:\\\/\\\/www.groupeidec.com\\\/en\\\/actualite\\\/le-groupe-idec-partenaire-de-levenement-rungis-au-grand-palais-du-15-au-17-novembre\\\/#breadcrumb\",\"itemListElement\":[{\"@type\":\"ListItem\",\"position\":1,\"name\":\"Accueil\",\"item\":\"https:\\\/\\\/www.groupeidec.com\\\/en\\\/\"},{\"@type\":\"ListItem\",\"position\":2,\"name\":\"Actualit\u00e9s\",\"item\":\"https:\\\/\\\/www.groupeidec.com\\\/en\\\/actualite\\\/\"},{\"@type\":\"ListItem\",\"position\":3,\"name\":\"THE IDEC GROUP PARTNER FOR THE RUNGIS EVENT AT THE GRAND PALAIS FROM 15TH TO 17TH NOVEMBER\"}]},{\"@type\":\"WebSite\",\"@id\":\"https:\\\/\\\/www.groupeidec.com\\\/en\\\/#website\",\"url\":\"https:\\\/\\\/www.groupeidec.com\\\/en\\\/\",\"name\":\"GROUPE IDEC\",\"description\":\"A la fois am\u00e9nageur, promoteur, investisseur et concepteur-constructeur cl\u00e9 en main, le GROUPE IDEC est l&#039;un des rares acteurs globaux du march\u00e9 immobilier fran\u00e7ais, pr\u00e9sent sur tous ces m\u00e9tiers.\",\"potentialAction\":[{\"@type\":\"SearchAction\",\"target\":{\"@type\":\"EntryPoint\",\"urlTemplate\":\"https:\\\/\\\/www.groupeidec.com\\\/en\\\/?s={search_term_string}\"},\"query-input\":{\"@type\":\"PropertyValueSpecification\",\"valueRequired\":true,\"valueName\":\"search_term_string\"}}],\"inLanguage\":\"en-US\"}]}<\/script>\n<!-- \/ Yoast SEO plugin. -->","yoast_head_json":{"title":"THE IDEC GROUP PARTNER FOR THE RUNGIS EVENT AT THE GRAND PALAIS FROM 15TH TO 17TH NOVEMBER - GROUPE IDEC","robots":{"index":"index","follow":"follow","max-snippet":"max-snippet:-1","max-image-preview":"max-image-preview:large","max-video-preview":"max-video-preview:-1"},"canonical":"https:\/\/www.groupeidec.com\/en\/actualite\/le-groupe-idec-partenaire-de-levenement-rungis-au-grand-palais-du-15-au-17-novembre\/","og_locale":"en_US","og_type":"article","og_title":"THE IDEC GROUP PARTNER FOR THE RUNGIS EVENT AT THE GRAND PALAIS FROM 15TH TO 17TH NOVEMBER - GROUPE IDEC","og_description":"The IDEC GROUP is a partner for the event organised by Rungis International Market being organised for the first time at the Grand Palais in Paris to highlight healthy eating. This partnership confirms the commitment shown by the IDEC GROUP to the Rungis Market and more generally to those in the food sector as they [&hellip;]","og_url":"https:\/\/www.groupeidec.com\/en\/actualite\/le-groupe-idec-partenaire-de-levenement-rungis-au-grand-palais-du-15-au-17-novembre\/","og_site_name":"GROUPE IDEC","article_publisher":"https:\/\/www.facebook.com\/groupeidec\/","article_modified_time":"2023-09-08T15:39:57+00:00","og_image":[{"width":1440,"height":943,"url":"https:\/\/www.groupeidec.com\/wp-content\/uploads\/2019\/11\/191108-RUNGIS-3.jpg","type":"image\/jpeg"}],"twitter_card":"summary_large_image","twitter_misc":{"Est. reading time":"3 minutes"},"schema":{"@context":"https:\/\/schema.org","@graph":[{"@type":"WebPage","@id":"https:\/\/www.groupeidec.com\/en\/actualite\/le-groupe-idec-partenaire-de-levenement-rungis-au-grand-palais-du-15-au-17-novembre\/","url":"https:\/\/www.groupeidec.com\/en\/actualite\/le-groupe-idec-partenaire-de-levenement-rungis-au-grand-palais-du-15-au-17-novembre\/","name":"THE IDEC GROUP PARTNER FOR THE RUNGIS EVENT AT THE GRAND PALAIS FROM 15TH TO 17TH NOVEMBER - GROUPE IDEC","isPartOf":{"@id":"https:\/\/www.groupeidec.com\/en\/#website"},"primaryImageOfPage":{"@id":"https:\/\/www.groupeidec.com\/en\/actualite\/le-groupe-idec-partenaire-de-levenement-rungis-au-grand-palais-du-15-au-17-novembre\/#primaryimage"},"image":{"@id":"https:\/\/www.groupeidec.com\/en\/actualite\/le-groupe-idec-partenaire-de-levenement-rungis-au-grand-palais-du-15-au-17-novembre\/#primaryimage"},"thumbnailUrl":"https:\/\/www.groupeidec.com\/wp-content\/uploads\/2019\/11\/191108-RUNGIS-3.jpg","datePublished":"2019-11-14T13:38:16+00:00","dateModified":"2023-09-08T15:39:57+00:00","breadcrumb":{"@id":"https:\/\/www.groupeidec.com\/en\/actualite\/le-groupe-idec-partenaire-de-levenement-rungis-au-grand-palais-du-15-au-17-novembre\/#breadcrumb"},"inLanguage":"en-US","potentialAction":[{"@type":"ReadAction","target":["https:\/\/www.groupeidec.com\/en\/actualite\/le-groupe-idec-partenaire-de-levenement-rungis-au-grand-palais-du-15-au-17-novembre\/"]}]},{"@type":"ImageObject","inLanguage":"en-US","@id":"https:\/\/www.groupeidec.com\/en\/actualite\/le-groupe-idec-partenaire-de-levenement-rungis-au-grand-palais-du-15-au-17-novembre\/#primaryimage","url":"https:\/\/www.groupeidec.com\/wp-content\/uploads\/2019\/11\/191108-RUNGIS-3.jpg","contentUrl":"https:\/\/www.groupeidec.com\/wp-content\/uploads\/2019\/11\/191108-RUNGIS-3.jpg","width":1440,"height":943},{"@type":"BreadcrumbList","@id":"https:\/\/www.groupeidec.com\/en\/actualite\/le-groupe-idec-partenaire-de-levenement-rungis-au-grand-palais-du-15-au-17-novembre\/#breadcrumb","itemListElement":[{"@type":"ListItem","position":1,"name":"Accueil","item":"https:\/\/www.groupeidec.com\/en\/"},{"@type":"ListItem","position":2,"name":"Actualit\u00e9s","item":"https:\/\/www.groupeidec.com\/en\/actualite\/"},{"@type":"ListItem","position":3,"name":"THE IDEC GROUP PARTNER FOR THE RUNGIS EVENT AT THE GRAND PALAIS FROM 15TH TO 17TH NOVEMBER"}]},{"@type":"WebSite","@id":"https:\/\/www.groupeidec.com\/en\/#website","url":"https:\/\/www.groupeidec.com\/en\/","name":"GROUPE IDEC","description":"A la fois am\u00e9nageur, promoteur, investisseur et concepteur-constructeur cl\u00e9 en main, le GROUPE IDEC est l&#039;un des rares acteurs globaux du march\u00e9 immobilier fran\u00e7ais, pr\u00e9sent sur tous ces m\u00e9tiers.","potentialAction":[{"@type":"SearchAction","target":{"@type":"EntryPoint","urlTemplate":"https:\/\/www.groupeidec.com\/en\/?s={search_term_string}"},"query-input":{"@type":"PropertyValueSpecification","valueRequired":true,"valueName":"search_term_string"}}],"inLanguage":"en-US"}]}},"wpcf-actualite-externe":"0","wpcf-identifiant-actualite":"","_links":{"self":[{"href":"https:\/\/www.groupeidec.com\/en\/wp-json\/wp\/v2\/actualite\/183250","targetHints":{"allow":["GET"]}}],"collection":[{"href":"https:\/\/www.groupeidec.com\/en\/wp-json\/wp\/v2\/actualite"}],"about":[{"href":"https:\/\/www.groupeidec.com\/en\/wp-json\/wp\/v2\/types\/actualite"}],"author":[{"embeddable":true,"href":"https:\/\/www.groupeidec.com\/en\/wp-json\/wp\/v2\/users\/11"}],"wp:featuredmedia":[{"embeddable":true,"href":"https:\/\/www.groupeidec.com\/en\/wp-json\/wp\/v2\/media\/183211"}],"wp:attachment":[{"href":"https:\/\/www.groupeidec.com\/en\/wp-json\/wp\/v2\/media?parent=183250"}],"wp:term":[{"taxonomy":"category","embeddable":true,"href":"https:\/\/www.groupeidec.com\/en\/wp-json\/wp\/v2\/categories?post=183250"}],"curies":[{"name":"wp","href":"https:\/\/api.w.org\/{rel}","templated":true}]}}