{"id":312691,"date":"2020-11-19T15:57:19","date_gmt":"2020-11-19T14:57:19","guid":{"rendered":"https:\/\/www.groupeidec.com\/?post_type=actualite&#038;p=312691"},"modified":"2023-10-04T16:25:25","modified_gmt":"2023-10-04T14:25:25","slug":"groupe-idec-is-developing-andalusias-largest-logistics-and-industrial-park-with-puerto-seco-antequera-in-antequera","status":"publish","type":"actualite","link":"https:\/\/www.groupeidec.com\/en\/actualite\/groupe-idec-is-developing-andalusias-largest-logistics-and-industrial-park-with-puerto-seco-antequera-in-antequera\/","title":{"rendered":"GROUPE IDEC is developing Andalusia\u2019s largest logistics and industrial park with PUERTO SECO ANTEQUERA in Antequera"},"content":{"rendered":"<div class=\"grve-section grve-row-section grve-fullwidth-background grve-padding-top-1x grve-padding-bottom-1x grve-bg-none\"><div class=\"grve-container\"><div class=\"grve-row grve-bookmark grve-columns-gap-30\"><div class=\"grve-column wpb_column grve-column-1\" ><div class=\"grve-column-wrapper\" ><div class=\"grve-element grve-text\">\r\n\t\t\t<p style=\"text-align: justify;\"><strong>GROUPE IDEC has signed a contract for the development of the largest logistics and industrial zone in southern Spain where 300 hectares\u00a0of real estate already classified industrial land will eventually be developed. This ideally located development &#8211; connected to the rail network, aiming for a carbon-neutral footprint and whose first projects will be springing up in 2022 &#8211; illustrates GROUPE IDEC\u2019s active pursuit of international development.\u00a0<\/strong><\/p>\n\r\n\t\t<\/div>\r\n\t<\/div><\/div><\/div><\/div><div class=\"grve-background-wrapper\"><\/div><\/div><div class=\"grve-section grve-row-section grve-fullwidth-background grve-padding-top-1x grve-padding-bottom-1x grve-bg-none\"><div class=\"grve-container\"><div class=\"grve-row grve-bookmark grve-columns-gap-30\"><div class=\"grve-column wpb_column grve-column-1\" ><div class=\"grve-column-wrapper\" ><h2 class=\"grve-element grve-title grve-align-left grve-h5\" style=\"\"><span><strong>A new programme abroad<\/strong><\/span><\/h2><div class=\"grve-element grve-text\">\r\n\t\t\t<p style=\"text-align: justify;\">GROUPE IDEC and its teams dedicated to its international\u00a0development signed the group\u2019s entry into the capital of the company PUERTO\u00a0SECO ANTEQUERA (PSA) on\u00a017 November 2020\u00a0in order to jointly develop an XXL programme in Spain. The two partners are going to join forces to breathe life into this area which will extend over 300 hectares. The land development permit for the first stage\u00a0has already been obtained, and the permit for the second stage is currently being examined and should make it possible to launch the land development works in the first quarter 2021 and the construction of the first projects as early as 2022.\u00a0A project that exists thanks to the unrelenting perseverance of Domingo de Torres and his teams to at last bring this major logistics zone to fruition. A success achieved after 15 years of efforts<\/p>\n\r\n\t\t<\/div>\r\n\t<\/div><\/div><div class=\"grve-column wpb_column grve-column-1\" ><div class=\"grve-column-wrapper\" ><h2 class=\"grve-element grve-title grve-align-left grve-h5\" style=\"\"><span><strong>A comprehensive approach<\/strong><\/span><\/h2><div class=\"grve-element grve-text\">\r\n\t\t\t<p style=\"text-align: justify;\">GROUPE IDEC is going to make the most of its skills and complementary professions to ensure the successful development of this major park. In the same way as it provides support to its partners and customers in France and abroad, the group will rely on its professionalism as a planner, developer, investor, designer-builder and creator of energy solutions\u00a0to draw up a comprehensive, made-to-measure response. Its teams will also bring to the fore their mastery in the area of logistics, industrial and agri-business real estate, three sectors that have illustrated GROUPE\u00a0IDEC\u2019s core business for more than 20 years.<\/p>\n\r\n\t\t<\/div>\r\n\t<\/div><\/div><\/div><\/div><div class=\"grve-background-wrapper\"><\/div><\/div><div class=\"grve-section grve-row-section grve-fullwidth-background grve-padding-top-1x grve-padding-bottom-1x grve-bg-none\"><div class=\"grve-container\"><div class=\"grve-row grve-bookmark grve-columns-gap-30\"><div class=\"grve-column wpb_column grve-column-1\" ><div class=\"grve-column-wrapper\" ><h2 class=\"grve-element grve-title grve-align-left grve-h5\" style=\"\"><span><strong>An ideal location<\/strong><\/span><\/h2><div class=\"grve-element grve-text\">\r\n\t\t\t<p style=\"text-align: justify;\">This programme is located in the district of Antequera, supported by all of the region\u2019s public, political and economic players, and makes the most of its perfect positioning in southern Spain to enable the development of significant synergies around the Mediterranean Rim as a whole, and more particularly in North Africa. Through its direct access to the country\u2019s main motorways and a railway connection to the maritime ports of Malaga and Algeciras, it proposes all the levers and infrastructures required to develop a dynamic activity.<\/p>\n\r\n\t\t<\/div>\r\n\t<\/div><\/div><div class=\"grve-column wpb_column grve-column-1\" ><div class=\"grve-column-wrapper\" ><h2 class=\"grve-element grve-title grve-align-left grve-h5\" style=\"\"><span><strong>300 hectares dedicated to logistics and industry<\/strong><\/span><\/h2><div class=\"grve-element grve-text\">\r\n\t\t\t<p style=\"text-align: justify;\">With its characteristics and exceptional location, this new zone\u00a0in Antequera brings together all the assets required to develop a logistics or industrial activity. The public players have already shown their interest for structures dedicated to the storage of strategic goods in order to meet the new demands highlighted by the health crisis related to COVID-19.\u00a0A large zone dedicated to agri-business is also already being planned, where one of the components will be the transformation of regional and North African agricultural produce.<\/p>\n\r\n\t\t<\/div>\r\n\t<\/div><\/div><\/div><\/div><div class=\"grve-background-wrapper\"><\/div><\/div><div class=\"grve-section grve-row-section grve-fullwidth-background grve-padding-top-1x grve-padding-bottom-1x grve-bg-none\"><div class=\"grve-container\"><div class=\"grve-row grve-bookmark grve-columns-gap-30\"><div class=\"grve-column wpb_column grve-column-1\" ><div class=\"grve-column-wrapper\" ><h2 class=\"grve-element grve-title grve-align-left grve-h5\" style=\"\"><span><strong>An ambitious energy initiative<\/strong><\/span><\/h2><div class=\"grve-element grve-text\">\r\n\t\t\t<p style=\"text-align: justify;\">Thanks to this park\u2019s location, and on the strength of its unique know-how in the creation\u00a0of sustainable, smart and connected ecosystems, GROUPE IDEC is already counting on opting for an innovative energy approach. Its teams are aiming for a carbon-neutral programme by exclusively putting sustainable energy sources in place (wind turbines, solar panels, geothermal). It will be possible to pool all the locally generated energy according to the needs of the different buildings installed in the park.<\/p>\n\r\n\t\t<\/div>\r\n\t<\/div><\/div><\/div><\/div><div class=\"grve-background-wrapper\"><\/div><\/div><div class=\"grve-section grve-row-section grve-fullwidth-background grve-padding-top-1x grve-padding-bottom-1x grve-bg-none\"><div class=\"grve-container\"><div class=\"grve-row grve-bookmark grve-columns-gap-30\"><div class=\"grve-column wpb_column grve-column-1\" ><div class=\"grve-column-wrapper\" ><h2 class=\"grve-element grve-title grve-align-left grve-h5\" style=\"\"><span><strong>Entrust your projects to us<\/strong><\/span><\/h2><div class=\"grve-element grve-text\">\r\n\t\t\t<p style=\"text-align: justify;\">Discover\u00a0<strong><a href=\"https:\/\/www.groupeidec.com\/en\/the-group\/\">GROUPE IDEC<\/a><\/strong>\u00a0and its\u00a0<strong><a href=\"https:\/\/www.groupeidec.com\/en\/references\/\">REFERENCES<\/a><\/strong>. You are looking for an investor for your real estate projects, a designer-builder for your future building, you want to receive information on our real-estate programmes, to sell some land or even develop a programme with us?<br \/>\n<strong><a href=\"https:\/\/www.groupeidec.com\/en\/contact\/\">CONTACT US<\/a><\/strong>\u00a0to discuss your projects.<\/p>\n\r\n\t\t<\/div>\r\n\t<\/div><\/div><div class=\"grve-column wpb_column grve-column-1\" ><div class=\"grve-column-wrapper\" ><div class=\"grve-element grve-video\" style=\"\"><iframe loading=\"lazy\" title=\"Discovering the GROUPE IDEC - Clip 2020 - EN\" width=\"1080\" height=\"608\" src=\"https:\/\/www.youtube.com\/embed\/Jh42_a9w40Y?feature=oembed\" frameborder=\"0\" allow=\"accelerometer; autoplay; clipboard-write; encrypted-media; gyroscope; picture-in-picture\" allowfullscreen><\/iframe><\/div><\/div><\/div><\/div><\/div><div class=\"grve-background-wrapper\"><\/div><\/div>\n","protected":false},"excerpt":{"rendered":"<p>GROUPE IDEC has signed a contract for the development of the largest logistics and industrial zone in southern Spain where 300 hectares\u00a0of real estate already classified industrial land will eventually be developed. This ideally located development &#8211; connected to the rail network, aiming for a carbon-neutral footprint and whose first projects will be springing up in 2022 &#8211; illustrates GROUPE IDEC\u2019s active pursuit of international development.\u00a0<\/p>\n","protected":false},"author":11,"featured_media":312690,"template":"","meta":{"inline_featured_image":false},"categories":[56,57],"class_list":["post-312691","actualite","type-actualite","status-publish","has-post-thumbnail","hentry","category-design-construction","category-planning-development"],"yoast_head":"<!-- This site is optimized with the Yoast SEO plugin v27.4 - https:\/\/yoast.com\/product\/yoast-seo-wordpress\/ -->\n<title>GROUPE IDEC is developing Andalusia\u2019s largest logistics and industrial park with PUERTO SECO ANTEQUERA in Antequera - GROUPE IDEC<\/title>\n<meta name=\"robots\" content=\"noindex, nofollow\" \/>\n<meta property=\"og:locale\" content=\"en_US\" \/>\n<meta property=\"og:type\" content=\"article\" \/>\n<meta property=\"og:title\" content=\"GROUPE IDEC is developing Andalusia\u2019s largest logistics and industrial park with PUERTO SECO ANTEQUERA in Antequera - GROUPE IDEC\" \/>\n<meta property=\"og:description\" content=\"GROUPE IDEC has signed a contract for the development of the largest logistics and industrial zone in southern Spain where 300 hectares\u00a0of real estate already classified industrial land will eventually be developed. This ideally located development - connected to the rail network, aiming for a carbon-neutral footprint and whose first projects will be springing up in 2022 - illustrates GROUPE IDEC\u2019s active pursuit of international development.\u00a0\" \/>\n<meta property=\"og:url\" content=\"https:\/\/www.groupeidec.com\/en\/actualite\/groupe-idec-is-developing-andalusias-largest-logistics-and-industrial-park-with-puerto-seco-antequera-in-antequera\/\" \/>\n<meta property=\"og:site_name\" content=\"GROUPE IDEC\" \/>\n<meta property=\"article:publisher\" content=\"https:\/\/www.facebook.com\/groupeidec\/\" \/>\n<meta property=\"article:modified_time\" content=\"2023-10-04T14:25:25+00:00\" \/>\n<meta property=\"og:image\" content=\"https:\/\/www.groupeidec.com\/wp-content\/uploads\/2020\/11\/img-article-GRID-espagne.jpg\" \/>\n\t<meta property=\"og:image:width\" content=\"1600\" \/>\n\t<meta property=\"og:image:height\" content=\"1200\" \/>\n\t<meta property=\"og:image:type\" content=\"image\/jpeg\" \/>\n<meta name=\"twitter:card\" content=\"summary_large_image\" \/>\n<meta name=\"twitter:label1\" content=\"Est. reading time\" \/>\n\t<meta name=\"twitter:data1\" content=\"4 minutes\" \/>\n<script type=\"application\/ld+json\" class=\"yoast-schema-graph\">{\"@context\":\"https:\\\/\\\/schema.org\",\"@graph\":[{\"@type\":\"WebPage\",\"@id\":\"https:\\\/\\\/www.groupeidec.com\\\/en\\\/actualite\\\/groupe-idec-is-developing-andalusias-largest-logistics-and-industrial-park-with-puerto-seco-antequera-in-antequera\\\/\",\"url\":\"https:\\\/\\\/www.groupeidec.com\\\/en\\\/actualite\\\/groupe-idec-is-developing-andalusias-largest-logistics-and-industrial-park-with-puerto-seco-antequera-in-antequera\\\/\",\"name\":\"GROUPE IDEC is developing Andalusia\u2019s largest logistics and industrial park with PUERTO SECO ANTEQUERA in Antequera - GROUPE IDEC\",\"isPartOf\":{\"@id\":\"https:\\\/\\\/www.groupeidec.com\\\/en\\\/#website\"},\"primaryImageOfPage\":{\"@id\":\"https:\\\/\\\/www.groupeidec.com\\\/en\\\/actualite\\\/groupe-idec-is-developing-andalusias-largest-logistics-and-industrial-park-with-puerto-seco-antequera-in-antequera\\\/#primaryimage\"},\"image\":{\"@id\":\"https:\\\/\\\/www.groupeidec.com\\\/en\\\/actualite\\\/groupe-idec-is-developing-andalusias-largest-logistics-and-industrial-park-with-puerto-seco-antequera-in-antequera\\\/#primaryimage\"},\"thumbnailUrl\":\"https:\\\/\\\/www.groupeidec.com\\\/wp-content\\\/uploads\\\/2020\\\/11\\\/img-article-GRID-espagne.jpg\",\"datePublished\":\"2020-11-19T14:57:19+00:00\",\"dateModified\":\"2023-10-04T14:25:25+00:00\",\"breadcrumb\":{\"@id\":\"https:\\\/\\\/www.groupeidec.com\\\/en\\\/actualite\\\/groupe-idec-is-developing-andalusias-largest-logistics-and-industrial-park-with-puerto-seco-antequera-in-antequera\\\/#breadcrumb\"},\"inLanguage\":\"en-US\",\"potentialAction\":[{\"@type\":\"ReadAction\",\"target\":[\"https:\\\/\\\/www.groupeidec.com\\\/en\\\/actualite\\\/groupe-idec-is-developing-andalusias-largest-logistics-and-industrial-park-with-puerto-seco-antequera-in-antequera\\\/\"]}]},{\"@type\":\"ImageObject\",\"inLanguage\":\"en-US\",\"@id\":\"https:\\\/\\\/www.groupeidec.com\\\/en\\\/actualite\\\/groupe-idec-is-developing-andalusias-largest-logistics-and-industrial-park-with-puerto-seco-antequera-in-antequera\\\/#primaryimage\",\"url\":\"https:\\\/\\\/www.groupeidec.com\\\/wp-content\\\/uploads\\\/2020\\\/11\\\/img-article-GRID-espagne.jpg\",\"contentUrl\":\"https:\\\/\\\/www.groupeidec.com\\\/wp-content\\\/uploads\\\/2020\\\/11\\\/img-article-GRID-espagne.jpg\",\"width\":1600,\"height\":1200},{\"@type\":\"BreadcrumbList\",\"@id\":\"https:\\\/\\\/www.groupeidec.com\\\/en\\\/actualite\\\/groupe-idec-is-developing-andalusias-largest-logistics-and-industrial-park-with-puerto-seco-antequera-in-antequera\\\/#breadcrumb\",\"itemListElement\":[{\"@type\":\"ListItem\",\"position\":1,\"name\":\"Accueil\",\"item\":\"https:\\\/\\\/www.groupeidec.com\\\/en\\\/\"},{\"@type\":\"ListItem\",\"position\":2,\"name\":\"Actualit\u00e9s\",\"item\":\"https:\\\/\\\/www.groupeidec.com\\\/en\\\/actualite\\\/\"},{\"@type\":\"ListItem\",\"position\":3,\"name\":\"GROUPE IDEC is developing Andalusia\u2019s largest logistics and industrial park with PUERTO SECO ANTEQUERA in Antequera\"}]},{\"@type\":\"WebSite\",\"@id\":\"https:\\\/\\\/www.groupeidec.com\\\/en\\\/#website\",\"url\":\"https:\\\/\\\/www.groupeidec.com\\\/en\\\/\",\"name\":\"GROUPE IDEC\",\"description\":\"A la fois am\u00e9nageur, promoteur, investisseur et concepteur-constructeur cl\u00e9 en main, le GROUPE IDEC est l&#039;un des rares acteurs globaux du march\u00e9 immobilier fran\u00e7ais, pr\u00e9sent sur tous ces m\u00e9tiers.\",\"potentialAction\":[{\"@type\":\"SearchAction\",\"target\":{\"@type\":\"EntryPoint\",\"urlTemplate\":\"https:\\\/\\\/www.groupeidec.com\\\/en\\\/?s={search_term_string}\"},\"query-input\":{\"@type\":\"PropertyValueSpecification\",\"valueRequired\":true,\"valueName\":\"search_term_string\"}}],\"inLanguage\":\"en-US\"}]}<\/script>\n<!-- \/ Yoast SEO plugin. -->","yoast_head_json":{"title":"GROUPE IDEC is developing Andalusia\u2019s largest logistics and industrial park with PUERTO SECO ANTEQUERA in Antequera - GROUPE IDEC","robots":{"index":"noindex","follow":"nofollow"},"og_locale":"en_US","og_type":"article","og_title":"GROUPE IDEC is developing Andalusia\u2019s largest logistics and industrial park with PUERTO SECO ANTEQUERA in Antequera - GROUPE IDEC","og_description":"GROUPE IDEC has signed a contract for the development of the largest logistics and industrial zone in southern Spain where 300 hectares\u00a0of real estate already classified industrial land will eventually be developed. This ideally located development - connected to the rail network, aiming for a carbon-neutral footprint and whose first projects will be springing up in 2022 - illustrates GROUPE IDEC\u2019s active pursuit of international development.\u00a0","og_url":"https:\/\/www.groupeidec.com\/en\/actualite\/groupe-idec-is-developing-andalusias-largest-logistics-and-industrial-park-with-puerto-seco-antequera-in-antequera\/","og_site_name":"GROUPE IDEC","article_publisher":"https:\/\/www.facebook.com\/groupeidec\/","article_modified_time":"2023-10-04T14:25:25+00:00","og_image":[{"width":1600,"height":1200,"url":"https:\/\/www.groupeidec.com\/wp-content\/uploads\/2020\/11\/img-article-GRID-espagne.jpg","type":"image\/jpeg"}],"twitter_card":"summary_large_image","twitter_misc":{"Est. reading time":"4 minutes"},"schema":{"@context":"https:\/\/schema.org","@graph":[{"@type":"WebPage","@id":"https:\/\/www.groupeidec.com\/en\/actualite\/groupe-idec-is-developing-andalusias-largest-logistics-and-industrial-park-with-puerto-seco-antequera-in-antequera\/","url":"https:\/\/www.groupeidec.com\/en\/actualite\/groupe-idec-is-developing-andalusias-largest-logistics-and-industrial-park-with-puerto-seco-antequera-in-antequera\/","name":"GROUPE IDEC is developing Andalusia\u2019s largest logistics and industrial park with PUERTO SECO ANTEQUERA in Antequera - GROUPE IDEC","isPartOf":{"@id":"https:\/\/www.groupeidec.com\/en\/#website"},"primaryImageOfPage":{"@id":"https:\/\/www.groupeidec.com\/en\/actualite\/groupe-idec-is-developing-andalusias-largest-logistics-and-industrial-park-with-puerto-seco-antequera-in-antequera\/#primaryimage"},"image":{"@id":"https:\/\/www.groupeidec.com\/en\/actualite\/groupe-idec-is-developing-andalusias-largest-logistics-and-industrial-park-with-puerto-seco-antequera-in-antequera\/#primaryimage"},"thumbnailUrl":"https:\/\/www.groupeidec.com\/wp-content\/uploads\/2020\/11\/img-article-GRID-espagne.jpg","datePublished":"2020-11-19T14:57:19+00:00","dateModified":"2023-10-04T14:25:25+00:00","breadcrumb":{"@id":"https:\/\/www.groupeidec.com\/en\/actualite\/groupe-idec-is-developing-andalusias-largest-logistics-and-industrial-park-with-puerto-seco-antequera-in-antequera\/#breadcrumb"},"inLanguage":"en-US","potentialAction":[{"@type":"ReadAction","target":["https:\/\/www.groupeidec.com\/en\/actualite\/groupe-idec-is-developing-andalusias-largest-logistics-and-industrial-park-with-puerto-seco-antequera-in-antequera\/"]}]},{"@type":"ImageObject","inLanguage":"en-US","@id":"https:\/\/www.groupeidec.com\/en\/actualite\/groupe-idec-is-developing-andalusias-largest-logistics-and-industrial-park-with-puerto-seco-antequera-in-antequera\/#primaryimage","url":"https:\/\/www.groupeidec.com\/wp-content\/uploads\/2020\/11\/img-article-GRID-espagne.jpg","contentUrl":"https:\/\/www.groupeidec.com\/wp-content\/uploads\/2020\/11\/img-article-GRID-espagne.jpg","width":1600,"height":1200},{"@type":"BreadcrumbList","@id":"https:\/\/www.groupeidec.com\/en\/actualite\/groupe-idec-is-developing-andalusias-largest-logistics-and-industrial-park-with-puerto-seco-antequera-in-antequera\/#breadcrumb","itemListElement":[{"@type":"ListItem","position":1,"name":"Accueil","item":"https:\/\/www.groupeidec.com\/en\/"},{"@type":"ListItem","position":2,"name":"Actualit\u00e9s","item":"https:\/\/www.groupeidec.com\/en\/actualite\/"},{"@type":"ListItem","position":3,"name":"GROUPE IDEC is developing Andalusia\u2019s largest logistics and industrial park with PUERTO SECO ANTEQUERA in Antequera"}]},{"@type":"WebSite","@id":"https:\/\/www.groupeidec.com\/en\/#website","url":"https:\/\/www.groupeidec.com\/en\/","name":"GROUPE IDEC","description":"A la fois am\u00e9nageur, promoteur, investisseur et concepteur-constructeur cl\u00e9 en main, le GROUPE IDEC est l&#039;un des rares acteurs globaux du march\u00e9 immobilier fran\u00e7ais, pr\u00e9sent sur tous ces m\u00e9tiers.","potentialAction":[{"@type":"SearchAction","target":{"@type":"EntryPoint","urlTemplate":"https:\/\/www.groupeidec.com\/en\/?s={search_term_string}"},"query-input":{"@type":"PropertyValueSpecification","valueRequired":true,"valueName":"search_term_string"}}],"inLanguage":"en-US"}]}},"wpcf-actualite-externe":"0","wpcf-identifiant-actualite":"","_links":{"self":[{"href":"https:\/\/www.groupeidec.com\/en\/wp-json\/wp\/v2\/actualite\/312691","targetHints":{"allow":["GET"]}}],"collection":[{"href":"https:\/\/www.groupeidec.com\/en\/wp-json\/wp\/v2\/actualite"}],"about":[{"href":"https:\/\/www.groupeidec.com\/en\/wp-json\/wp\/v2\/types\/actualite"}],"author":[{"embeddable":true,"href":"https:\/\/www.groupeidec.com\/en\/wp-json\/wp\/v2\/users\/11"}],"wp:featuredmedia":[{"embeddable":true,"href":"https:\/\/www.groupeidec.com\/en\/wp-json\/wp\/v2\/media\/312690"}],"wp:attachment":[{"href":"https:\/\/www.groupeidec.com\/en\/wp-json\/wp\/v2\/media?parent=312691"}],"wp:term":[{"taxonomy":"category","embeddable":true,"href":"https:\/\/www.groupeidec.com\/en\/wp-json\/wp\/v2\/categories?post=312691"}],"curies":[{"name":"wp","href":"https:\/\/api.w.org\/{rel}","templated":true}]}}