{"id":328840,"date":"2025-12-08T14:23:40","date_gmt":"2025-12-08T13:23:40","guid":{"rendered":"https:\/\/www.groupeidec.com\/?post_type=actualite&#038;p=328840"},"modified":"2025-12-10T14:38:56","modified_gmt":"2025-12-10T13:38:56","slug":"groupe-idec-e-n-r-solar-equips-building-f-of-the-acti-nord-site-in-signes-with-a-photovoltaic-power-plant","status":"publish","type":"actualite","link":"https:\/\/www.groupeidec.com\/en\/actualite\/groupe-idec-e-n-r-solar-equips-building-f-of-the-acti-nord-site-in-signes-with-a-photovoltaic-power-plant\/","title":{"rendered":"GROUPE IDEC E.N.R. SOLAR equips Building F of the ACTI NORD site in Signes with a photovoltaic power plant!"},"content":{"rendered":"<div class=\"grve-section grve-row-section grve-fullwidth-background grve-padding-top-1x grve-padding-bottom-1x grve-bg-none\"><div class=\"grve-container\"><div class=\"grve-row grve-bookmark grve-columns-gap-30\"><div class=\"grve-column wpb_column grve-column-1\" ><div class=\"grve-column-wrapper\" ><div class=\"grve-element grve-text\">\r\n\t\t\t<p style=\"text-align: justify;\"><span data-olk-copy-source=\"MessageBody\">In Signes (Var), the ambitious real estate program initiated by <a href=\"https:\/\/www.faubourg-promotion.com\/\">Faubourg Promotion<\/a> and developed by <a href=\"https:\/\/idec-grandsud.com\/en\/\">IDEC GRAND SUD<\/a> continues to move forward at the heart of the business park with the construction of three new buildings\u2014F, G, and H\u2014designed to host industrial spaces for SMEs. This project reflects the <a href=\"https:\/\/www.groupeidec.com\/en\/\">GROUPE IDEC<\/a>\u2019s ability to deliver comprehensive solutions by mobilizing all its areas of expertise, combining real estate performance with renewable energy.<\/span><\/p>\n\r\n\t\t<\/div>\r\n\t<\/div><\/div><\/div><\/div><div class=\"grve-background-wrapper\"><\/div><\/div><div class=\"grve-section grve-row-section grve-fullwidth-background grve-padding-top-1x grve-padding-bottom-1x grve-bg-none\"><div class=\"grve-container\"><div class=\"grve-row grve-bookmark grve-columns-gap-30\"><div class=\"grve-column wpb_column grve-column-1\" ><div class=\"grve-column-wrapper\" ><div class=\"grve-element grve-image grve-align-center\" style=\"\">  <div class=\"grve-image-wrapper\"><img loading=\"lazy\" decoding=\"async\" width=\"560\" height=\"420\" src=\"https:\/\/www.groupeidec.com\/wp-content\/uploads\/2025\/12\/PXL_20250709_102342424-560x420.jpg\" class=\"attachment-movedo-grve-small-rect-horizontal size-movedo-grve-small-rect-horizontal\" alt=\"\" srcset=\"https:\/\/www.groupeidec.com\/wp-content\/uploads\/2025\/12\/PXL_20250709_102342424-560x420.jpg 560w, https:\/\/www.groupeidec.com\/wp-content\/uploads\/2025\/12\/PXL_20250709_102342424-300x226.jpg 300w, https:\/\/www.groupeidec.com\/wp-content\/uploads\/2025\/12\/PXL_20250709_102342424-768x578.jpg 768w, https:\/\/www.groupeidec.com\/wp-content\/uploads\/2025\/12\/PXL_20250709_102342424-900x675.jpg 900w\" sizes=\"auto, (max-width: 560px) 100vw, 560px\" \/>   <\/div><\/div><\/div><\/div><div class=\"grve-column wpb_column grve-column-1\" ><div class=\"grve-column-wrapper\" ><div class=\"grve-element grve-image grve-align-center\" style=\"\">  <div class=\"grve-image-wrapper\"><img loading=\"lazy\" decoding=\"async\" width=\"560\" height=\"420\" src=\"https:\/\/www.groupeidec.com\/wp-content\/uploads\/2025\/12\/PXL_20250709_103542060-560x420.jpg\" class=\"attachment-movedo-grve-small-rect-horizontal size-movedo-grve-small-rect-horizontal\" alt=\"\" srcset=\"https:\/\/www.groupeidec.com\/wp-content\/uploads\/2025\/12\/PXL_20250709_103542060-560x420.jpg 560w, https:\/\/www.groupeidec.com\/wp-content\/uploads\/2025\/12\/PXL_20250709_103542060-300x226.jpg 300w, https:\/\/www.groupeidec.com\/wp-content\/uploads\/2025\/12\/PXL_20250709_103542060-768x578.jpg 768w, https:\/\/www.groupeidec.com\/wp-content\/uploads\/2025\/12\/PXL_20250709_103542060-900x675.jpg 900w\" sizes=\"auto, (max-width: 560px) 100vw, 560px\" \/>   <\/div><\/div><\/div><\/div><\/div><\/div><div class=\"grve-background-wrapper\"><\/div><\/div><div class=\"grve-section grve-row-section grve-fullwidth-background grve-padding-top-1x grve-padding-bottom-1x grve-bg-none\"><div class=\"grve-container\"><div class=\"grve-row grve-bookmark grve-columns-gap-30\"><div class=\"grve-column wpb_column grve-column-1\" ><div class=\"grve-column-wrapper\" ><div class=\"grve-element grve-text\">\r\n\t\t\t<div style=\"text-align: justify;\" data-olk-copy-source=\"MessageBody\">In this context, <a href=\"https:\/\/www.groupeidec.com\/en\/energy-installations\/\">GROUPE IDEC E.N.R. SOLAR<\/a> commissioned the rooftop photovoltaic power plant on Building F for industrial operation on\u00a0<b>18 September 2025<\/b>, following the building\u2019s handover in\u00a0<b>May 2025<\/b>. With an output of\u00a0<b>206.115 kWp<\/b>\u00a0and covering\u00a0<b>905 m\u00b2<\/b>\u2014representing\u00a0<b>60% of the roof surface, twice the requirement of the APER Law<\/b>\u2014this solar installation will produce around\u00a0<b>270 MWh per year<\/b>, delivering local, low-carbon energy and contributing to making the building energy-positive.<\/div>\n<div style=\"text-align: justify;\" data-olk-copy-source=\"MessageBody\"><\/div>\n<div style=\"text-align: justify;\">To date,\u00a0<b>32.85 MWh<\/b>\u00a0have already been fed into the grid, equivalent to the annual electricity consumption of\u00a0<b>around 15 households<\/b>\u00a0(source: INSEE \u2013 2,223 kWh\/household\/year). The solar plant is monitored\u00a0<b>7 days a week<\/b>\u00a0by the operations team to ensure optimal performance.<\/div>\n\r\n\t\t<\/div>\r\n\t<\/div><\/div><\/div><\/div><div class=\"grve-background-wrapper\"><\/div><\/div><div class=\"grve-section grve-row-section grve-fullwidth-background grve-padding-top-1x grve-padding-bottom-1x grve-bg-none\"><div class=\"grve-container\"><div class=\"grve-row grve-bookmark grve-columns-gap-30\"><div class=\"grve-column wpb_column grve-column-1\" ><div class=\"grve-column-wrapper\" ><h3 class=\"grve-element grve-title grve-align-left grve-h5\" style=\"\"><span><span data-olk-copy-source=\"MessageBody\">Key feature of the project:<\/span><\/span><\/h3><div class=\"grve-element grve-text\">\r\n\t\t\t<p style=\"text-align: justify;\">Financially supported by its investment subsidiary\u00a0<b>IDES INVEST<\/b>, this photovoltaic plant now becomes a green electricity production asset for the Group. Through a\u00a0<b>collective self-consumption scheme<\/b>, IDES INVEST offers interested companies\u2014either located within the business park or within a\u00a0<b>20 km radius<\/b>\u2014the opportunity to benefit from local, green, and cost-efficient energy without significant upfront investment.<\/p>\n\r\n\t\t<\/div>\r\n\t<\/div><\/div><div class=\"grve-column wpb_column grve-column-1\" ><div class=\"grve-column-wrapper\" ><h3 class=\"grve-element grve-title grve-align-left grve-h5\" style=\"\"><span><span data-olk-copy-source=\"MessageBody\">The building already hosts three users:<\/span><\/span><\/h3><div class=\"grve-element grve-text\">\r\n\t\t\t<p><strong>STOCK STOCK<\/strong>: 380 m\u00b2 unit dedicated to book storage (delivered on 21 May 2025)<\/p>\n\r\n\t\t<\/div>\r\n\t<div class=\"grve-element grve-text\">\r\n\t\t\t<p><strong>FOR-IMMO<\/strong>: 770 m\u00b2 unit dedicated to wine storage with specific fit-outs (delivered on 22 May 2025)<\/p>\n\r\n\t\t<\/div>\r\n\t<div class=\"grve-element grve-text\">\r\n\t\t\t<p><strong>AETB<\/strong>: 382 m\u00b2 unit (delivered on 26 June 2025)<\/p>\n\r\n\t\t<\/div>\r\n\t<\/div><\/div><\/div><\/div><div class=\"grve-background-wrapper\"><\/div><\/div><div class=\"grve-section grve-row-section grve-fullwidth-background grve-padding-top-1x grve-padding-bottom-1x grve-bg-none\"><div class=\"grve-container\"><div class=\"grve-row grve-bookmark grve-columns-gap-30\"><div class=\"grve-column wpb_column grve-column-1\" ><div class=\"grve-column-wrapper\" ><h3 class=\"grve-element grve-title grve-align-left grve-h5\" style=\"\"><span><span data-olk-copy-source=\"MessageBody\">This project perfectly illustrates the synergy between GROUPE IDEC\u2019s subsidiaries:<\/span><\/span><\/h3><\/div><\/div><\/div><\/div><div class=\"grve-background-wrapper\"><\/div><\/div><div class=\"grve-section grve-row-section grve-fullwidth-background grve-padding-top-1x grve-padding-bottom-1x grve-bg-none\"><div class=\"grve-container\"><div class=\"grve-row grve-bookmark grve-columns-gap-30\"><div class=\"grve-column wpb_column grve-column-1\" ><div class=\"grve-column-wrapper\" ><h3 class=\"grve-element grve-title grve-align-center grve-h6\" style=\"\"><span><span data-olk-copy-source=\"MessageBody\">Faubourg Promotion<\/span><span class=\"grve-title-line grve-bg-primary-1\" style=\"width: 50px;height: 2px;\"><\/span><\/span><\/h3><div class=\"grve-element grve-text\">\r\n\t\t\t<p style=\"text-align: center;\"><span data-olk-copy-source=\"MessageBody\">project developer and planner<\/span><\/p>\n\r\n\t\t<\/div>\r\n\t<\/div><\/div><div class=\"grve-column wpb_column grve-column-1\" ><div class=\"grve-column-wrapper\" ><h3 class=\"grve-element grve-title grve-align-center grve-h6\" style=\"\"><span><span data-olk-copy-source=\"MessageBody\">IDEC GRAND SUD<\/span><span class=\"grve-title-line grve-bg-primary-1\" style=\"width: 50px;height: 2px;\"><\/span><\/span><\/h3><div class=\"grve-element grve-text\">\r\n\t\t\t<p style=\"text-align: center;\"><span data-olk-copy-source=\"MessageBody\">construction contractor, ensuring the quality of the works<\/span><\/p>\n\r\n\t\t<\/div>\r\n\t<\/div><\/div><div class=\"grve-column wpb_column grve-column-1\" ><div class=\"grve-column-wrapper\" ><h3 class=\"grve-element grve-title grve-align-center grve-h6\" style=\"\"><span><span data-olk-copy-source=\"MessageBody\">IDES INVEST<\/span><span class=\"grve-title-line grve-bg-primary-1\" style=\"width: 50px;height: 2px;\"><\/span><\/span><\/h3><div class=\"grve-element grve-text\">\r\n\t\t\t<p style=\"text-align: center;\"><span data-olk-copy-source=\"MessageBody\">investor and photovoltaic electricity producer, and the legal entity overseeing the collective self-consumption scheme<\/span><\/p>\n\r\n\t\t<\/div>\r\n\t<\/div><\/div><div class=\"grve-column wpb_column grve-column-1\" ><div class=\"grve-column-wrapper\" ><h3 class=\"grve-element grve-title grve-align-center grve-h6\" style=\"\"><span><span data-olk-copy-source=\"MessageBody\">GROUPE IDEC E.N.R. SOLAR<\/span><span class=\"grve-title-line grve-bg-primary-1\" style=\"width: 50px;height: 2px;\"><\/span><\/span><\/h3><div class=\"grve-element grve-text\">\r\n\t\t\t<p style=\"text-align: center;\"><span data-olk-copy-source=\"MessageBody\">designer, builder, and operator of innovative photovoltaic solutions<\/span><\/p>\n\r\n\t\t<\/div>\r\n\t<\/div><\/div><\/div><\/div><div class=\"grve-background-wrapper\"><\/div><\/div><div class=\"grve-section grve-row-section grve-fullwidth-background grve-padding-top-1x grve-padding-bottom-1x grve-bg-none\"><div class=\"grve-container\"><div class=\"grve-row grve-bookmark grve-columns-gap-30\"><div class=\"grve-column wpb_column grve-column-1\" ><div class=\"grve-column-wrapper\" ><div class=\"grve-element grve-text\">\r\n\t\t\t<p style=\"text-align: justify;\"><span data-olk-copy-source=\"MessageBody\">Through this integrated approach, <a href=\"https:\/\/www.groupeidec.com\/en\/\">GROUPE IDEC<\/a> reaffirms its ability to support clients in their journey towards carbon neutrality by embedding sustainable energy solutions at the core of real estate projects.<\/span><\/p>\n\r\n\t\t<\/div>\r\n\t<\/div><\/div><\/div><\/div><div class=\"grve-background-wrapper\"><\/div><\/div>\n","protected":false},"excerpt":{"rendered":"In Signes (Var), the ambitious real estate program initiated by Faubourg Promotion and developed by IDEC GRAND SUD continues to move forward at the heart of the business park with the construction of three new buildings\u2014F, G, and H\u2014designed to host industrial spaces for SMEs. This project reflects the GROUPE IDEC\u2019s ability to deliver comprehensive [...]","protected":false},"author":11,"featured_media":328831,"template":"","meta":{"inline_featured_image":false},"categories":[136],"class_list":["post-328840","actualite","type-actualite","status-publish","has-post-thumbnail","hentry","category-corporate-en"],"yoast_head":"<!-- This site is optimized with the Yoast SEO plugin v27.4 - https:\/\/yoast.com\/product\/yoast-seo-wordpress\/ -->\n<title>GROUPE IDEC E.N.R. SOLAR equips Building F of the ACTI NORD site in Signes with a photovoltaic power plant! - GROUPE IDEC<\/title>\n<meta name=\"robots\" content=\"index, follow, max-snippet:-1, max-image-preview:large, max-video-preview:-1\" \/>\n<link rel=\"canonical\" href=\"https:\/\/www.groupeidec.com\/en\/actualite\/groupe-idec-e-n-r-solar-equips-building-f-of-the-acti-nord-site-in-signes-with-a-photovoltaic-power-plant\/\" \/>\n<meta property=\"og:locale\" content=\"en_US\" \/>\n<meta property=\"og:type\" content=\"article\" \/>\n<meta property=\"og:title\" content=\"GROUPE IDEC E.N.R. SOLAR equips Building F of the ACTI NORD site in Signes with a photovoltaic power plant! - GROUPE IDEC\" \/>\n<meta property=\"og:url\" content=\"https:\/\/www.groupeidec.com\/en\/actualite\/groupe-idec-e-n-r-solar-equips-building-f-of-the-acti-nord-site-in-signes-with-a-photovoltaic-power-plant\/\" \/>\n<meta property=\"og:site_name\" content=\"GROUPE IDEC\" \/>\n<meta property=\"article:publisher\" content=\"https:\/\/www.facebook.com\/groupeidec\/\" \/>\n<meta property=\"article:modified_time\" content=\"2025-12-10T13:38:56+00:00\" \/>\n<meta property=\"og:image\" content=\"https:\/\/www.groupeidec.com\/wp-content\/uploads\/2025\/12\/PXL_20250709_103459320-e1765199693705.jpg\" \/>\n\t<meta property=\"og:image:width\" content=\"2000\" \/>\n\t<meta property=\"og:image:height\" content=\"1506\" \/>\n\t<meta property=\"og:image:type\" content=\"image\/jpeg\" \/>\n<meta name=\"twitter:card\" content=\"summary_large_image\" \/>\n<meta name=\"twitter:label1\" content=\"Est. reading time\" \/>\n\t<meta name=\"twitter:data1\" content=\"3 minutes\" \/>\n<script type=\"application\/ld+json\" class=\"yoast-schema-graph\">{\"@context\":\"https:\\\/\\\/schema.org\",\"@graph\":[{\"@type\":\"WebPage\",\"@id\":\"https:\\\/\\\/www.groupeidec.com\\\/en\\\/actualite\\\/groupe-idec-e-n-r-solar-equips-building-f-of-the-acti-nord-site-in-signes-with-a-photovoltaic-power-plant\\\/\",\"url\":\"https:\\\/\\\/www.groupeidec.com\\\/en\\\/actualite\\\/groupe-idec-e-n-r-solar-equips-building-f-of-the-acti-nord-site-in-signes-with-a-photovoltaic-power-plant\\\/\",\"name\":\"GROUPE IDEC E.N.R. SOLAR equips Building F of the ACTI NORD site in Signes with a photovoltaic power plant! - GROUPE IDEC\",\"isPartOf\":{\"@id\":\"https:\\\/\\\/www.groupeidec.com\\\/en\\\/#website\"},\"primaryImageOfPage\":{\"@id\":\"https:\\\/\\\/www.groupeidec.com\\\/en\\\/actualite\\\/groupe-idec-e-n-r-solar-equips-building-f-of-the-acti-nord-site-in-signes-with-a-photovoltaic-power-plant\\\/#primaryimage\"},\"image\":{\"@id\":\"https:\\\/\\\/www.groupeidec.com\\\/en\\\/actualite\\\/groupe-idec-e-n-r-solar-equips-building-f-of-the-acti-nord-site-in-signes-with-a-photovoltaic-power-plant\\\/#primaryimage\"},\"thumbnailUrl\":\"https:\\\/\\\/www.groupeidec.com\\\/wp-content\\\/uploads\\\/2025\\\/12\\\/PXL_20250709_103459320-e1765199693705.jpg\",\"datePublished\":\"2025-12-08T13:23:40+00:00\",\"dateModified\":\"2025-12-10T13:38:56+00:00\",\"breadcrumb\":{\"@id\":\"https:\\\/\\\/www.groupeidec.com\\\/en\\\/actualite\\\/groupe-idec-e-n-r-solar-equips-building-f-of-the-acti-nord-site-in-signes-with-a-photovoltaic-power-plant\\\/#breadcrumb\"},\"inLanguage\":\"en-US\",\"potentialAction\":[{\"@type\":\"ReadAction\",\"target\":[\"https:\\\/\\\/www.groupeidec.com\\\/en\\\/actualite\\\/groupe-idec-e-n-r-solar-equips-building-f-of-the-acti-nord-site-in-signes-with-a-photovoltaic-power-plant\\\/\"]}]},{\"@type\":\"ImageObject\",\"inLanguage\":\"en-US\",\"@id\":\"https:\\\/\\\/www.groupeidec.com\\\/en\\\/actualite\\\/groupe-idec-e-n-r-solar-equips-building-f-of-the-acti-nord-site-in-signes-with-a-photovoltaic-power-plant\\\/#primaryimage\",\"url\":\"https:\\\/\\\/www.groupeidec.com\\\/wp-content\\\/uploads\\\/2025\\\/12\\\/PXL_20250709_103459320-e1765199693705.jpg\",\"contentUrl\":\"https:\\\/\\\/www.groupeidec.com\\\/wp-content\\\/uploads\\\/2025\\\/12\\\/PXL_20250709_103459320-e1765199693705.jpg\",\"width\":2000,\"height\":1506},{\"@type\":\"BreadcrumbList\",\"@id\":\"https:\\\/\\\/www.groupeidec.com\\\/en\\\/actualite\\\/groupe-idec-e-n-r-solar-equips-building-f-of-the-acti-nord-site-in-signes-with-a-photovoltaic-power-plant\\\/#breadcrumb\",\"itemListElement\":[{\"@type\":\"ListItem\",\"position\":1,\"name\":\"Accueil\",\"item\":\"https:\\\/\\\/www.groupeidec.com\\\/en\\\/\"},{\"@type\":\"ListItem\",\"position\":2,\"name\":\"Actualit\u00e9s\",\"item\":\"https:\\\/\\\/www.groupeidec.com\\\/en\\\/actualite\\\/\"},{\"@type\":\"ListItem\",\"position\":3,\"name\":\"GROUPE IDEC E.N.R. SOLAR equips Building F of the ACTI NORD site in Signes with a photovoltaic power plant!\"}]},{\"@type\":\"WebSite\",\"@id\":\"https:\\\/\\\/www.groupeidec.com\\\/en\\\/#website\",\"url\":\"https:\\\/\\\/www.groupeidec.com\\\/en\\\/\",\"name\":\"GROUPE IDEC\",\"description\":\"A la fois am\u00e9nageur, promoteur, investisseur et concepteur-constructeur cl\u00e9 en main, le GROUPE IDEC est l&#039;un des rares acteurs globaux du march\u00e9 immobilier fran\u00e7ais, pr\u00e9sent sur tous ces m\u00e9tiers.\",\"potentialAction\":[{\"@type\":\"SearchAction\",\"target\":{\"@type\":\"EntryPoint\",\"urlTemplate\":\"https:\\\/\\\/www.groupeidec.com\\\/en\\\/?s={search_term_string}\"},\"query-input\":{\"@type\":\"PropertyValueSpecification\",\"valueRequired\":true,\"valueName\":\"search_term_string\"}}],\"inLanguage\":\"en-US\"}]}<\/script>\n<!-- \/ Yoast SEO plugin. -->","yoast_head_json":{"title":"GROUPE IDEC E.N.R. SOLAR equips Building F of the ACTI NORD site in Signes with a photovoltaic power plant! - GROUPE IDEC","robots":{"index":"index","follow":"follow","max-snippet":"max-snippet:-1","max-image-preview":"max-image-preview:large","max-video-preview":"max-video-preview:-1"},"canonical":"https:\/\/www.groupeidec.com\/en\/actualite\/groupe-idec-e-n-r-solar-equips-building-f-of-the-acti-nord-site-in-signes-with-a-photovoltaic-power-plant\/","og_locale":"en_US","og_type":"article","og_title":"GROUPE IDEC E.N.R. SOLAR equips Building F of the ACTI NORD site in Signes with a photovoltaic power plant! - GROUPE IDEC","og_url":"https:\/\/www.groupeidec.com\/en\/actualite\/groupe-idec-e-n-r-solar-equips-building-f-of-the-acti-nord-site-in-signes-with-a-photovoltaic-power-plant\/","og_site_name":"GROUPE IDEC","article_publisher":"https:\/\/www.facebook.com\/groupeidec\/","article_modified_time":"2025-12-10T13:38:56+00:00","og_image":[{"width":2000,"height":1506,"url":"https:\/\/www.groupeidec.com\/wp-content\/uploads\/2025\/12\/PXL_20250709_103459320-e1765199693705.jpg","type":"image\/jpeg"}],"twitter_card":"summary_large_image","twitter_misc":{"Est. reading time":"3 minutes"},"schema":{"@context":"https:\/\/schema.org","@graph":[{"@type":"WebPage","@id":"https:\/\/www.groupeidec.com\/en\/actualite\/groupe-idec-e-n-r-solar-equips-building-f-of-the-acti-nord-site-in-signes-with-a-photovoltaic-power-plant\/","url":"https:\/\/www.groupeidec.com\/en\/actualite\/groupe-idec-e-n-r-solar-equips-building-f-of-the-acti-nord-site-in-signes-with-a-photovoltaic-power-plant\/","name":"GROUPE IDEC E.N.R. SOLAR equips Building F of the ACTI NORD site in Signes with a photovoltaic power plant! - GROUPE IDEC","isPartOf":{"@id":"https:\/\/www.groupeidec.com\/en\/#website"},"primaryImageOfPage":{"@id":"https:\/\/www.groupeidec.com\/en\/actualite\/groupe-idec-e-n-r-solar-equips-building-f-of-the-acti-nord-site-in-signes-with-a-photovoltaic-power-plant\/#primaryimage"},"image":{"@id":"https:\/\/www.groupeidec.com\/en\/actualite\/groupe-idec-e-n-r-solar-equips-building-f-of-the-acti-nord-site-in-signes-with-a-photovoltaic-power-plant\/#primaryimage"},"thumbnailUrl":"https:\/\/www.groupeidec.com\/wp-content\/uploads\/2025\/12\/PXL_20250709_103459320-e1765199693705.jpg","datePublished":"2025-12-08T13:23:40+00:00","dateModified":"2025-12-10T13:38:56+00:00","breadcrumb":{"@id":"https:\/\/www.groupeidec.com\/en\/actualite\/groupe-idec-e-n-r-solar-equips-building-f-of-the-acti-nord-site-in-signes-with-a-photovoltaic-power-plant\/#breadcrumb"},"inLanguage":"en-US","potentialAction":[{"@type":"ReadAction","target":["https:\/\/www.groupeidec.com\/en\/actualite\/groupe-idec-e-n-r-solar-equips-building-f-of-the-acti-nord-site-in-signes-with-a-photovoltaic-power-plant\/"]}]},{"@type":"ImageObject","inLanguage":"en-US","@id":"https:\/\/www.groupeidec.com\/en\/actualite\/groupe-idec-e-n-r-solar-equips-building-f-of-the-acti-nord-site-in-signes-with-a-photovoltaic-power-plant\/#primaryimage","url":"https:\/\/www.groupeidec.com\/wp-content\/uploads\/2025\/12\/PXL_20250709_103459320-e1765199693705.jpg","contentUrl":"https:\/\/www.groupeidec.com\/wp-content\/uploads\/2025\/12\/PXL_20250709_103459320-e1765199693705.jpg","width":2000,"height":1506},{"@type":"BreadcrumbList","@id":"https:\/\/www.groupeidec.com\/en\/actualite\/groupe-idec-e-n-r-solar-equips-building-f-of-the-acti-nord-site-in-signes-with-a-photovoltaic-power-plant\/#breadcrumb","itemListElement":[{"@type":"ListItem","position":1,"name":"Accueil","item":"https:\/\/www.groupeidec.com\/en\/"},{"@type":"ListItem","position":2,"name":"Actualit\u00e9s","item":"https:\/\/www.groupeidec.com\/en\/actualite\/"},{"@type":"ListItem","position":3,"name":"GROUPE IDEC E.N.R. SOLAR equips Building F of the ACTI NORD site in Signes with a photovoltaic power plant!"}]},{"@type":"WebSite","@id":"https:\/\/www.groupeidec.com\/en\/#website","url":"https:\/\/www.groupeidec.com\/en\/","name":"GROUPE IDEC","description":"A la fois am\u00e9nageur, promoteur, investisseur et concepteur-constructeur cl\u00e9 en main, le GROUPE IDEC est l&#039;un des rares acteurs globaux du march\u00e9 immobilier fran\u00e7ais, pr\u00e9sent sur tous ces m\u00e9tiers.","potentialAction":[{"@type":"SearchAction","target":{"@type":"EntryPoint","urlTemplate":"https:\/\/www.groupeidec.com\/en\/?s={search_term_string}"},"query-input":{"@type":"PropertyValueSpecification","valueRequired":true,"valueName":"search_term_string"}}],"inLanguage":"en-US"}]}},"wpcf-actualite-externe":"0","wpcf-identifiant-actualite":"","_links":{"self":[{"href":"https:\/\/www.groupeidec.com\/en\/wp-json\/wp\/v2\/actualite\/328840","targetHints":{"allow":["GET"]}}],"collection":[{"href":"https:\/\/www.groupeidec.com\/en\/wp-json\/wp\/v2\/actualite"}],"about":[{"href":"https:\/\/www.groupeidec.com\/en\/wp-json\/wp\/v2\/types\/actualite"}],"author":[{"embeddable":true,"href":"https:\/\/www.groupeidec.com\/en\/wp-json\/wp\/v2\/users\/11"}],"wp:featuredmedia":[{"embeddable":true,"href":"https:\/\/www.groupeidec.com\/en\/wp-json\/wp\/v2\/media\/328831"}],"wp:attachment":[{"href":"https:\/\/www.groupeidec.com\/en\/wp-json\/wp\/v2\/media?parent=328840"}],"wp:term":[{"taxonomy":"category","embeddable":true,"href":"https:\/\/www.groupeidec.com\/en\/wp-json\/wp\/v2\/categories?post=328840"}],"curies":[{"name":"wp","href":"https:\/\/api.w.org\/{rel}","templated":true}]}}