{"id":315926,"date":"2021-03-17T09:31:29","date_gmt":"2021-03-17T08:31:29","guid":{"rendered":"https:\/\/www.groupeidec.com\/actualite\/reunion-de-travail-sur-le-developpement-du-parc-puerto-seco-antequera-andalousie-espagne\/"},"modified":"2021-06-25T15:37:11","modified_gmt":"2021-06-25T13:37:11","slug":"reunion-de-travail-sur-le-developpement-du-parc-puerto-seco-antequera-andalousie-espagne","status":"publish","type":"actualite","link":"https:\/\/www.groupeidec.com\/es\/actualite\/reunion-de-travail-sur-le-developpement-du-parc-puerto-seco-antequera-andalousie-espagne\/","title":{"rendered":"REUNI\u00d3N DE TRABAJO SOBRE EL DESARROLLO DEL PARQUE PUERTO SECO ANTEQUERA \u2013 ANDALUC\u00cdA (ESPA\u00d1A)"},"content":{"rendered":"<div class=\"grve-section grve-row-section grve-fullwidth-background grve-padding-top-1x grve-padding-bottom-1x grve-bg-none\"><div class=\"grve-container\"><div class=\"grve-row grve-bookmark grve-columns-gap-30\"><div class=\"grve-column wpb_column grve-column-1\" ><div class=\"grve-column-wrapper\" ><div class=\"grve-element grve-text\">\r\n\t\t\t<p style=\"text-align: justify;\">Juan Manuel Moreno, Presidente de la Junta de Andaluc\u00eda, Manolo Bar\u00f3n, alcalde de Antequera, Patrice Lafargue, Presidente Fundador de GROUPE IDEC y Domingo Torres, Presidente de Puerto Seco Antequera, se reunieron a finales de la semana pasada para coordinar el avance del desarrollo del futuro puerto seco de Antequera.<\/p>\n<p style=\"text-align: justify;\">Este primer parque multiactividad XXL de energ\u00eda positiva de Europa, desarrollado por GROUPE IDEC y sus socios, ofrecer\u00e1 con el tiempo algo m\u00e1s de 1 mill\u00f3n de m\u00b2 edificables sobre una superficie de 300 hect\u00e1reas. Albergar\u00e1 en el seno de la regi\u00f3n din\u00e1mica de Andaluc\u00eda, en el sudeste de Espa\u00f1a, espacios destinados a la log\u00edstica, a la industria, a los servicios y a actividades terciarias. Las obras de acondicionamiento comenzar\u00e1n las pr\u00f3ximas semanas.<\/p>\n\r\n\t\t<\/div>\r\n\t<div class=\"grve-element grve-text\">\r\n\t\t\t<p style=\"text-align: center;\"><strong>\u00bfDESEA IMPLANTARSE?<br \/>\nDESCUBRA EL PROYECTO:<\/strong><\/p>\n\r\n\t\t<\/div>\r\n\t<div class=\"grve-element grve-align-center\"><a href=\"https:\/\/puertosecodeantequera.es\/\" title=\"Puerto Seco Antequera\" target=\"_blank\" rel=\"noopener noreferrer\" class=\"grve-btn grve-btn-medium grve-square grve-bg-primary-1 grve-bg-hover-black\"><span>Puerto Seco Antequera<\/span><\/a><\/div><\/div><\/div><\/div><\/div><div class=\"grve-background-wrapper\"><\/div><\/div>\n","protected":false},"excerpt":{"rendered":"<p>Juan Manuel MORENO, le Gouverneur de la r\u00e9gion d\u2019Andalousie, Manuel BARON, le Maire d\u2019Antequera, Patrice LAFARGUE, Pr\u00e9sident Fondateur du GROUPE IDEC et Domingo TORRES, Pr\u00e9sident de Puerto Seco Antequera \u00e9taient r\u00e9unis fin de semaine derni\u00e8re pour coordonner l\u2019avancement du d\u00e9veloppement du futur port sec d\u2019Antequera.<\/p>\n","protected":false},"author":11,"featured_media":315927,"template":"","meta":{"inline_featured_image":false},"categories":[848],"class_list":["post-315926","actualite","type-actualite","status-publish","has-post-thumbnail","hentry","category-corporativas"],"yoast_head":"<!-- This site is optimized with the Yoast SEO plugin v27.4 - https:\/\/yoast.com\/product\/yoast-seo-wordpress\/ -->\n<title>REUNI\u00d3N DE TRABAJO SOBRE EL DESARROLLO DEL PARQUE PUERTO SECO ANTEQUERA \u2013 ANDALUC\u00cdA (ESPA\u00d1A) - Groupe IDEC<\/title>\n<meta name=\"description\" content=\"Juan Manuel MORENO, le Gouverneur de la r\u00e9gion d\u2019Andalousie, Manuel BARON, le Maire d\u2019Antequera, Patrice LAFARGUE, Pr\u00e9sident Fondateur du GROUPE IDEC et Domingo TORRES, Pr\u00e9sident de Puerto Seco Antequera \u00e9taient r\u00e9unis fin de semaine derni\u00e8re pour coordonner l\u2019avancement du d\u00e9veloppement du futur port sec d\u2019Antequera.\" \/>\n<meta name=\"robots\" content=\"index, follow, max-snippet:-1, max-image-preview:large, max-video-preview:-1\" \/>\n<link rel=\"canonical\" href=\"https:\/\/www.groupeidec.com\/es\/actualite\/reunion-de-travail-sur-le-developpement-du-parc-puerto-seco-antequera-andalousie-espagne\/\" \/>\n<meta property=\"og:locale\" content=\"es_ES\" \/>\n<meta property=\"og:type\" content=\"article\" \/>\n<meta property=\"og:title\" content=\"REUNI\u00d3N DE TRABAJO SOBRE EL DESARROLLO DEL PARQUE PUERTO SECO ANTEQUERA \u2013 ANDALUC\u00cdA (ESPA\u00d1A) - Groupe IDEC\" \/>\n<meta property=\"og:description\" content=\"Juan Manuel MORENO, le Gouverneur de la r\u00e9gion d\u2019Andalousie, Manuel BARON, le Maire d\u2019Antequera, Patrice LAFARGUE, Pr\u00e9sident Fondateur du GROUPE IDEC et Domingo TORRES, Pr\u00e9sident de Puerto Seco Antequera \u00e9taient r\u00e9unis fin de semaine derni\u00e8re pour coordonner l\u2019avancement du d\u00e9veloppement du futur port sec d\u2019Antequera.\" \/>\n<meta property=\"og:url\" content=\"https:\/\/www.groupeidec.com\/es\/actualite\/reunion-de-travail-sur-le-developpement-du-parc-puerto-seco-antequera-andalousie-espagne\/\" \/>\n<meta property=\"og:site_name\" content=\"Groupe IDEC\" \/>\n<meta property=\"article:publisher\" content=\"https:\/\/www.facebook.com\/groupeidec\/\" \/>\n<meta property=\"article:modified_time\" content=\"2021-06-25T13:37:11+00:00\" \/>\n<meta property=\"og:image\" content=\"https:\/\/www.groupeidec.com\/wp-content\/uploads\/2021\/03\/159671352_1810466129112622_2617867084970874418_o.jpg\" \/>\n\t<meta property=\"og:image:width\" content=\"2048\" \/>\n\t<meta property=\"og:image:height\" content=\"1361\" \/>\n\t<meta property=\"og:image:type\" content=\"image\/jpeg\" \/>\n<meta name=\"twitter:card\" content=\"summary_large_image\" \/>\n<meta name=\"twitter:label1\" content=\"Tiempo de lectura\" \/>\n\t<meta name=\"twitter:data1\" content=\"1 minuto\" \/>\n<script type=\"application\/ld+json\" class=\"yoast-schema-graph\">{\"@context\":\"https:\\\/\\\/schema.org\",\"@graph\":[{\"@type\":\"WebPage\",\"@id\":\"https:\\\/\\\/www.groupeidec.com\\\/es\\\/actualite\\\/reunion-de-travail-sur-le-developpement-du-parc-puerto-seco-antequera-andalousie-espagne\\\/\",\"url\":\"https:\\\/\\\/www.groupeidec.com\\\/es\\\/actualite\\\/reunion-de-travail-sur-le-developpement-du-parc-puerto-seco-antequera-andalousie-espagne\\\/\",\"name\":\"REUNI\u00d3N DE TRABAJO SOBRE EL DESARROLLO DEL PARQUE PUERTO SECO ANTEQUERA \u2013 ANDALUC\u00cdA (ESPA\u00d1A) - Groupe IDEC\",\"isPartOf\":{\"@id\":\"https:\\\/\\\/www.groupeidec.com\\\/es\\\/#website\"},\"primaryImageOfPage\":{\"@id\":\"https:\\\/\\\/www.groupeidec.com\\\/es\\\/actualite\\\/reunion-de-travail-sur-le-developpement-du-parc-puerto-seco-antequera-andalousie-espagne\\\/#primaryimage\"},\"image\":{\"@id\":\"https:\\\/\\\/www.groupeidec.com\\\/es\\\/actualite\\\/reunion-de-travail-sur-le-developpement-du-parc-puerto-seco-antequera-andalousie-espagne\\\/#primaryimage\"},\"thumbnailUrl\":\"https:\\\/\\\/www.groupeidec.com\\\/wp-content\\\/uploads\\\/2021\\\/03\\\/159671352_1810466129112622_2617867084970874418_o.jpg\",\"datePublished\":\"2021-03-17T08:31:29+00:00\",\"dateModified\":\"2021-06-25T13:37:11+00:00\",\"description\":\"Juan Manuel MORENO, le Gouverneur de la r\u00e9gion d\u2019Andalousie, Manuel BARON, le Maire d\u2019Antequera, Patrice LAFARGUE, Pr\u00e9sident Fondateur du GROUPE IDEC et Domingo TORRES, Pr\u00e9sident de Puerto Seco Antequera \u00e9taient r\u00e9unis fin de semaine derni\u00e8re pour coordonner l\u2019avancement du d\u00e9veloppement du futur port sec d\u2019Antequera.\",\"breadcrumb\":{\"@id\":\"https:\\\/\\\/www.groupeidec.com\\\/es\\\/actualite\\\/reunion-de-travail-sur-le-developpement-du-parc-puerto-seco-antequera-andalousie-espagne\\\/#breadcrumb\"},\"inLanguage\":\"es\",\"potentialAction\":[{\"@type\":\"ReadAction\",\"target\":[\"https:\\\/\\\/www.groupeidec.com\\\/es\\\/actualite\\\/reunion-de-travail-sur-le-developpement-du-parc-puerto-seco-antequera-andalousie-espagne\\\/\"]}]},{\"@type\":\"ImageObject\",\"inLanguage\":\"es\",\"@id\":\"https:\\\/\\\/www.groupeidec.com\\\/es\\\/actualite\\\/reunion-de-travail-sur-le-developpement-du-parc-puerto-seco-antequera-andalousie-espagne\\\/#primaryimage\",\"url\":\"https:\\\/\\\/www.groupeidec.com\\\/wp-content\\\/uploads\\\/2021\\\/03\\\/159671352_1810466129112622_2617867084970874418_o.jpg\",\"contentUrl\":\"https:\\\/\\\/www.groupeidec.com\\\/wp-content\\\/uploads\\\/2021\\\/03\\\/159671352_1810466129112622_2617867084970874418_o.jpg\",\"width\":2048,\"height\":1361},{\"@type\":\"BreadcrumbList\",\"@id\":\"https:\\\/\\\/www.groupeidec.com\\\/es\\\/actualite\\\/reunion-de-travail-sur-le-developpement-du-parc-puerto-seco-antequera-andalousie-espagne\\\/#breadcrumb\",\"itemListElement\":[{\"@type\":\"ListItem\",\"position\":1,\"name\":\"Accueil\",\"item\":\"https:\\\/\\\/www.groupeidec.com\\\/es\\\/\"},{\"@type\":\"ListItem\",\"position\":2,\"name\":\"Actualit\u00e9s\",\"item\":\"https:\\\/\\\/www.groupeidec.com\\\/es\\\/actualite\\\/\"},{\"@type\":\"ListItem\",\"position\":3,\"name\":\"REUNI\u00d3N DE TRABAJO SOBRE EL DESARROLLO DEL PARQUE PUERTO SECO ANTEQUERA \u2013 ANDALUC\u00cdA (ESPA\u00d1A)\"}]},{\"@type\":\"WebSite\",\"@id\":\"https:\\\/\\\/www.groupeidec.com\\\/es\\\/#website\",\"url\":\"https:\\\/\\\/www.groupeidec.com\\\/es\\\/\",\"name\":\"Groupe IDEC\",\"description\":\"A la fois am\u00e9nageur, promoteur, investisseur et concepteur-constructeur cl\u00e9 en main, le GROUPE IDEC est l&#039;un des rares acteurs globaux du march\u00e9 immobilier fran\u00e7ais, pr\u00e9sent sur tous ces m\u00e9tiers.\",\"potentialAction\":[{\"@type\":\"SearchAction\",\"target\":{\"@type\":\"EntryPoint\",\"urlTemplate\":\"https:\\\/\\\/www.groupeidec.com\\\/es\\\/?s={search_term_string}\"},\"query-input\":{\"@type\":\"PropertyValueSpecification\",\"valueRequired\":true,\"valueName\":\"search_term_string\"}}],\"inLanguage\":\"es\"}]}<\/script>\n<!-- \/ Yoast SEO plugin. -->","yoast_head_json":{"title":"REUNI\u00d3N DE TRABAJO SOBRE EL DESARROLLO DEL PARQUE PUERTO SECO ANTEQUERA \u2013 ANDALUC\u00cdA (ESPA\u00d1A) - Groupe IDEC","description":"Juan Manuel MORENO, le Gouverneur de la r\u00e9gion d\u2019Andalousie, Manuel BARON, le Maire d\u2019Antequera, Patrice LAFARGUE, Pr\u00e9sident Fondateur du GROUPE IDEC et Domingo TORRES, Pr\u00e9sident de Puerto Seco Antequera \u00e9taient r\u00e9unis fin de semaine derni\u00e8re pour coordonner l\u2019avancement du d\u00e9veloppement du futur port sec d\u2019Antequera.","robots":{"index":"index","follow":"follow","max-snippet":"max-snippet:-1","max-image-preview":"max-image-preview:large","max-video-preview":"max-video-preview:-1"},"canonical":"https:\/\/www.groupeidec.com\/es\/actualite\/reunion-de-travail-sur-le-developpement-du-parc-puerto-seco-antequera-andalousie-espagne\/","og_locale":"es_ES","og_type":"article","og_title":"REUNI\u00d3N DE TRABAJO SOBRE EL DESARROLLO DEL PARQUE PUERTO SECO ANTEQUERA \u2013 ANDALUC\u00cdA (ESPA\u00d1A) - Groupe IDEC","og_description":"Juan Manuel MORENO, le Gouverneur de la r\u00e9gion d\u2019Andalousie, Manuel BARON, le Maire d\u2019Antequera, Patrice LAFARGUE, Pr\u00e9sident Fondateur du GROUPE IDEC et Domingo TORRES, Pr\u00e9sident de Puerto Seco Antequera \u00e9taient r\u00e9unis fin de semaine derni\u00e8re pour coordonner l\u2019avancement du d\u00e9veloppement du futur port sec d\u2019Antequera.","og_url":"https:\/\/www.groupeidec.com\/es\/actualite\/reunion-de-travail-sur-le-developpement-du-parc-puerto-seco-antequera-andalousie-espagne\/","og_site_name":"Groupe IDEC","article_publisher":"https:\/\/www.facebook.com\/groupeidec\/","article_modified_time":"2021-06-25T13:37:11+00:00","og_image":[{"width":2048,"height":1361,"url":"https:\/\/www.groupeidec.com\/wp-content\/uploads\/2021\/03\/159671352_1810466129112622_2617867084970874418_o.jpg","type":"image\/jpeg"}],"twitter_card":"summary_large_image","twitter_misc":{"Tiempo de lectura":"1 minuto"},"schema":{"@context":"https:\/\/schema.org","@graph":[{"@type":"WebPage","@id":"https:\/\/www.groupeidec.com\/es\/actualite\/reunion-de-travail-sur-le-developpement-du-parc-puerto-seco-antequera-andalousie-espagne\/","url":"https:\/\/www.groupeidec.com\/es\/actualite\/reunion-de-travail-sur-le-developpement-du-parc-puerto-seco-antequera-andalousie-espagne\/","name":"REUNI\u00d3N DE TRABAJO SOBRE EL DESARROLLO DEL PARQUE PUERTO SECO ANTEQUERA \u2013 ANDALUC\u00cdA (ESPA\u00d1A) - Groupe IDEC","isPartOf":{"@id":"https:\/\/www.groupeidec.com\/es\/#website"},"primaryImageOfPage":{"@id":"https:\/\/www.groupeidec.com\/es\/actualite\/reunion-de-travail-sur-le-developpement-du-parc-puerto-seco-antequera-andalousie-espagne\/#primaryimage"},"image":{"@id":"https:\/\/www.groupeidec.com\/es\/actualite\/reunion-de-travail-sur-le-developpement-du-parc-puerto-seco-antequera-andalousie-espagne\/#primaryimage"},"thumbnailUrl":"https:\/\/www.groupeidec.com\/wp-content\/uploads\/2021\/03\/159671352_1810466129112622_2617867084970874418_o.jpg","datePublished":"2021-03-17T08:31:29+00:00","dateModified":"2021-06-25T13:37:11+00:00","description":"Juan Manuel MORENO, le Gouverneur de la r\u00e9gion d\u2019Andalousie, Manuel BARON, le Maire d\u2019Antequera, Patrice LAFARGUE, Pr\u00e9sident Fondateur du GROUPE IDEC et Domingo TORRES, Pr\u00e9sident de Puerto Seco Antequera \u00e9taient r\u00e9unis fin de semaine derni\u00e8re pour coordonner l\u2019avancement du d\u00e9veloppement du futur port sec d\u2019Antequera.","breadcrumb":{"@id":"https:\/\/www.groupeidec.com\/es\/actualite\/reunion-de-travail-sur-le-developpement-du-parc-puerto-seco-antequera-andalousie-espagne\/#breadcrumb"},"inLanguage":"es","potentialAction":[{"@type":"ReadAction","target":["https:\/\/www.groupeidec.com\/es\/actualite\/reunion-de-travail-sur-le-developpement-du-parc-puerto-seco-antequera-andalousie-espagne\/"]}]},{"@type":"ImageObject","inLanguage":"es","@id":"https:\/\/www.groupeidec.com\/es\/actualite\/reunion-de-travail-sur-le-developpement-du-parc-puerto-seco-antequera-andalousie-espagne\/#primaryimage","url":"https:\/\/www.groupeidec.com\/wp-content\/uploads\/2021\/03\/159671352_1810466129112622_2617867084970874418_o.jpg","contentUrl":"https:\/\/www.groupeidec.com\/wp-content\/uploads\/2021\/03\/159671352_1810466129112622_2617867084970874418_o.jpg","width":2048,"height":1361},{"@type":"BreadcrumbList","@id":"https:\/\/www.groupeidec.com\/es\/actualite\/reunion-de-travail-sur-le-developpement-du-parc-puerto-seco-antequera-andalousie-espagne\/#breadcrumb","itemListElement":[{"@type":"ListItem","position":1,"name":"Accueil","item":"https:\/\/www.groupeidec.com\/es\/"},{"@type":"ListItem","position":2,"name":"Actualit\u00e9s","item":"https:\/\/www.groupeidec.com\/es\/actualite\/"},{"@type":"ListItem","position":3,"name":"REUNI\u00d3N DE TRABAJO SOBRE EL DESARROLLO DEL PARQUE PUERTO SECO ANTEQUERA \u2013 ANDALUC\u00cdA (ESPA\u00d1A)"}]},{"@type":"WebSite","@id":"https:\/\/www.groupeidec.com\/es\/#website","url":"https:\/\/www.groupeidec.com\/es\/","name":"Groupe IDEC","description":"A la fois am\u00e9nageur, promoteur, investisseur et concepteur-constructeur cl\u00e9 en main, le GROUPE IDEC est l&#039;un des rares acteurs globaux du march\u00e9 immobilier fran\u00e7ais, pr\u00e9sent sur tous ces m\u00e9tiers.","potentialAction":[{"@type":"SearchAction","target":{"@type":"EntryPoint","urlTemplate":"https:\/\/www.groupeidec.com\/es\/?s={search_term_string}"},"query-input":{"@type":"PropertyValueSpecification","valueRequired":true,"valueName":"search_term_string"}}],"inLanguage":"es"}]}},"wpcf-actualite-externe":"0","wpcf-identifiant-actualite":"","_links":{"self":[{"href":"https:\/\/www.groupeidec.com\/es\/wp-json\/wp\/v2\/actualite\/315926","targetHints":{"allow":["GET"]}}],"collection":[{"href":"https:\/\/www.groupeidec.com\/es\/wp-json\/wp\/v2\/actualite"}],"about":[{"href":"https:\/\/www.groupeidec.com\/es\/wp-json\/wp\/v2\/types\/actualite"}],"author":[{"embeddable":true,"href":"https:\/\/www.groupeidec.com\/es\/wp-json\/wp\/v2\/users\/11"}],"wp:featuredmedia":[{"embeddable":true,"href":"https:\/\/www.groupeidec.com\/es\/wp-json\/wp\/v2\/media\/315927"}],"wp:attachment":[{"href":"https:\/\/www.groupeidec.com\/es\/wp-json\/wp\/v2\/media?parent=315926"}],"wp:term":[{"taxonomy":"category","embeddable":true,"href":"https:\/\/www.groupeidec.com\/es\/wp-json\/wp\/v2\/categories?post=315926"}],"curies":[{"name":"wp","href":"https:\/\/api.w.org\/{rel}","templated":true}]}}